{"id":18830,"date":"2024-07-15T11:48:25","date_gmt":"2024-07-15T09:48:25","guid":{"rendered":"https:\/\/baselinker.com\/de-DE\/blog\/?p=18830"},"modified":"2024-07-15T11:48:48","modified_gmt":"2024-07-15T09:48:48","slug":"kaufland-polen-osterreich","status":"publish","type":"post","link":"https:\/\/base.com\/de-DE\/blog\/kaufland-polen-osterreich\/","title":{"rendered":"Kaufland Marktplatz: Starttermine in Polen und \u00d6sterreich"},"content":{"rendered":"<p>Kaufland bereitet sich auf den Start seiner Marktplatzplattform in zwei weiteren europ\u00e4ischen L\u00e4ndern : . <strong>Am 7. August 2024<\/strong> geht der Kaufland Marktplatz in <strong>Polen<\/strong> unter Kaufland.pl online, gefolgt von <strong>\u00d6sterreich<\/strong> am <strong>4. September 2024<\/strong> mit Kaufland.at. \u00dcber 2.000 H\u00e4ndler sind bereit, ihre Produkte auf diesen neuen Plattformen anzubieten.<\/p>\n<div id=\"ez-toc-container\" class=\"ez-toc-v2_0_76 counter-hierarchy ez-toc-counter ez-toc-grey ez-toc-container-direction\">\n<div class=\"ez-toc-title-container\">\n<p class=\"ez-toc-title\" style=\"cursor:inherit\">Table of Contents<\/p>\n<span class=\"ez-toc-title-toggle\"><a href=\"#\" class=\"ez-toc-pull-right ez-toc-btn ez-toc-btn-xs ez-toc-btn-default ez-toc-toggle\" aria-label=\"Toggle Table of Content\"><span class=\"ez-toc-js-icon-con\"><span class=\"\"><span class=\"eztoc-hide\" style=\"display:none;\">Toggle<\/span><span class=\"ez-toc-icon-toggle-span\"><svg style=\"fill: #999;color:#999\" xmlns=\"http:\/\/www.w3.org\/2000\/svg\" class=\"list-377408\" width=\"20px\" height=\"20px\" viewBox=\"0 0 24 24\" fill=\"none\"><path d=\"M6 6H4v2h2V6zm14 0H8v2h12V6zM4 11h2v2H4v-2zm16 0H8v2h12v-2zM4 16h2v2H4v-2zm16 0H8v2h12v-2z\" fill=\"currentColor\"><\/path><\/svg><svg style=\"fill: #999;color:#999\" class=\"arrow-unsorted-368013\" xmlns=\"http:\/\/www.w3.org\/2000\/svg\" width=\"10px\" height=\"10px\" viewBox=\"0 0 24 24\" version=\"1.2\" baseProfile=\"tiny\"><path d=\"M18.2 9.3l-6.2-6.3-6.2 6.3c-.2.2-.3.4-.3.7s.1.5.3.7c.2.2.4.3.7.3h11c.3 0 .5-.1.7-.3.2-.2.3-.5.3-.7s-.1-.5-.3-.7zM5.8 14.7l6.2 6.3 6.2-6.3c.2-.2.3-.5.3-.7s-.1-.5-.3-.7c-.2-.2-.4-.3-.7-.3h-11c-.3 0-.5.1-.7.3-.2.2-.3.5-.3.7s.1.5.3.7z\"\/><\/svg><\/span><\/span><\/span><\/a><\/span><\/div>\n<nav><ul class='ez-toc-list ez-toc-list-level-1 ' ><li class='ez-toc-page-1 ez-toc-heading-level-2'><a class=\"ez-toc-link ez-toc-heading-1\" href=\"https:\/\/base.com\/de-DE\/blog\/kaufland-polen-osterreich\/#Erweiterung_des_Marktplatzes_in_Polen_und_Oesterreich\" >Erweiterung des Marktplatzes in Polen und \u00d6sterreich<\/a><\/li><li class='ez-toc-page-1 ez-toc-heading-level-2'><a class=\"ez-toc-link ez-toc-heading-2\" href=\"https:\/\/base.com\/de-DE\/blog\/kaufland-polen-osterreich\/#Vorteile_fuer_Haendler\" >Vorteile f\u00fcr H\u00e4ndler<\/a><\/li><li class='ez-toc-page-1 ez-toc-heading-level-2'><a class=\"ez-toc-link ez-toc-heading-3\" href=\"https:\/\/base.com\/de-DE\/blog\/kaufland-polen-osterreich\/#Erfolgsgeschichte_in_Deutschland\" >Erfolgsgeschichte in Deutschland<\/a><\/li><li class='ez-toc-page-1 ez-toc-heading-level-2'><a class=\"ez-toc-link ez-toc-heading-4\" href=\"https:\/\/base.com\/de-DE\/blog\/kaufland-polen-osterreich\/#BaseLinker_Ein_wertvoller_Partner\" >BaseLinker: Ein wertvoller Partner<\/a><\/li><\/ul><\/nav><\/div>\n<h2><span class=\"ez-toc-section\" id=\"Erweiterung_des_Marktplatzes_in_Polen_und_Oesterreich\"><\/span>Erweiterung des Marktplatzes in Polen und \u00d6sterreich<span class=\"ez-toc-section-end\"><\/span><\/h2>\n<p>Die Expansion nach Polen und \u00d6sterreich ist ein wichtiger Schritt f\u00fcr Kaufland. Gerald Sch\u00f6nbucher, Vorstand von Kaufland e-commerce, erl\u00e4utert: \u201eWir haben in Tschechien und der Slowakei eine beeindruckende Marktdurchdringung erreicht und z\u00e4hlen dort zu den f\u00fchrenden Marktplatzanbietern. Unsere Erfahrungen in diesen M\u00e4rkten haben uns gezeigt, dass wir auch in Polen und \u00d6sterreich erfolgreich sein k\u00f6nnen. Mit der neuen Pr\u00e4senz in f\u00fcnf L\u00e4ndern bieten wir H\u00e4ndlern die M\u00f6glichkeit, sowohl national als auch international zu wachsen, ohne dass sie umfangreiche eigene Ressourcen aufbauen m\u00fcssen.\u201c<\/p>\n<h2><span class=\"ez-toc-section\" id=\"Vorteile_fuer_Haendler\"><\/span>Vorteile f\u00fcr H\u00e4ndler<span class=\"ez-toc-section-end\"><\/span><\/h2>\n<p>Der Kaufland Global Marketplace erm\u00f6glicht es H\u00e4ndlern, ihre Produkte gleichzeitig auf f\u00fcnf verschiedenen Plattformen zu verkaufen: Kaufland.de, Kaufland.cz, Kaufland.sk, Kaufland.pl und Kaufland.at. Dies er\u00f6ffnet Zugang zu potenziell \u00fcber 81 Millionen Online-Kunden. Derzeit nutzen bereits 11.000 H\u00e4ndler diese Plattform, die auch 13 Millionen Kaufland-App Nutzer und \u00fcber 16 Millionen Kaufland Card Kunden einschlie\u00dft. Kaufland unterst\u00fctzt seine H\u00e4ndler mit zahlreichen Services, wie z.B. die Listung in Multi-Channel-Marketing-Kan\u00e4len, die Zahlungsabwicklung in der jeweiligen Landesw\u00e4hrung und die kostenfreie \u00dcbersetzung von Produktdaten.<\/p>\n<p>F\u00fcr den <strong>Start in Polen und \u00d6sterreich<\/strong> gibt es ein besonderes <strong>Angebot<\/strong>: H\u00e4ndler, die sich auf Kaufland.pl oder Kaufland.at registrieren, erhalten <strong>drei Monate<\/strong> lang <strong>keine Grundgeb\u00fchren<\/strong> und zahlen <strong>keine Verkaufsprovisionen<\/strong>. Zus\u00e4tzlich gibt es bis zu 1.200 Euro Rabatt auf Sponsored Product Ads, um die Sichtbarkeit ihrer Produkte zu erh\u00f6hen. \u00dcber 110 internationale Technologiepartnerschaften erleichtern die Anbindung an den Kaufland Global Marketplace.<\/p>\n<h2><span class=\"ez-toc-section\" id=\"Erfolgsgeschichte_in_Deutschland\"><\/span>Erfolgsgeschichte in Deutschland<span class=\"ez-toc-section-end\"><\/span><\/h2>\n<p>Trotz der Herausforderungen im E-Commerce-Sektor konnte Kaufland.de im Jahr 2023 seinen Umsatz um drei Prozent steigern. W\u00e4hrend der Bundesverband E-Commerce und Versandhandel Deutschland (BEVH) einen R\u00fcckgang des Umsatzes im Handel mit Waren um 11,8 Prozent meldete. Besonders stark wuchsen die Kategorien K\u00fcche und Haushalt (+16 Prozent), Wohnen und Einrichten (+13 Prozent) sowie Elektronik (+8 Prozent).<\/p>\n<p>Kaufland.de hat inzwischen \u00fcber 11.000 H\u00e4ndler und bietet mehr als 45 Millionen Produkte in \u00fcber 6.400 Kategorien an. Der Marktplatz verzeichnet monatlich bis zu 32 Millionen Besucher.<\/p>\n<h2><span class=\"ez-toc-section\" id=\"BaseLinker_Ein_wertvoller_Partner\"><\/span>BaseLinker: Ein wertvoller Partner<span class=\"ez-toc-section-end\"><\/span><\/h2>\n<p>BaseLinker, eine f\u00fchrende E-Commerce-Integrationsplattform, unterst\u00fctzt H\u00e4ndler bei ihrer Expansion auf dem Kaufland Global Marketplace. Mit unseren L\u00f6sungen k\u00f6nnen H\u00e4ndler ihre Online-Shops, Marktpl\u00e4tze und Logistikdienstleister integrieren. Dies erm\u00f6glicht eine zentrale Verwaltung von Best\u00e4nden, Bestellungen und Lieferungen, was den Gesch\u00e4ftsablauf erheblich vereinfacht.<\/p>\n<p>Dank der Kooperation zwischen BaseLinker und Kaufland k\u00f6nnen H\u00e4ndler ihre Produkte schnell und effizient auf den neuen Marktpl\u00e4tzen in Polen und \u00d6sterreich pr\u00e4sentieren. Unsere Plattform bietet automatisierte Prozesse, die die Effizienz steigern und die Reichweite maximieren.<\/p>\n<p>Die Einf\u00fchrung des Kaufland Marktplatzes in Polen und \u00d6sterreich bietet H\u00e4ndlern neue M\u00f6glichkeiten, ihre Produkte einem breiteren Publikum zug\u00e4nglich zu machen. Mit der Unterst\u00fctzung von BaseLinker k\u00f6nnen H\u00e4ndler ihre Verkaufsstrategien an die neuen M\u00e4rkte anpassen und die zahlreichen Vorteile des Kaufland Global Marketplace nutzen.<\/p>\n","protected":false},"excerpt":{"rendered":"<p>Kaufland bereitet sich auf den Start seiner Marktplatzplattform in zwei weiteren europ\u00e4ischen L\u00e4ndern : . Am 7. August 2024 geht der Kaufland Marktplatz in Polen unter Kaufland.pl online, gefolgt von \u00d6sterreich am 4. September 2024 mit Kaufland.at. \u00dcber 2.000 H\u00e4ndler sind bereit, ihre Produkte auf diesen neuen Plattformen anzubieten. Erweiterung des Marktplatzes in Polen und [&hellip;]<\/p>\n","protected":false},"author":9,"featured_media":18831,"comment_status":"open","ping_status":"open","sticky":false,"template":"","format":"standard","meta":{"_acf_changed":false,"footnotes":""},"categories":[1],"tags":[45,100,99],"authors":[],"class_list":["post-18830","post","type-post","status-publish","format-standard","has-post-thumbnail","hentry","category-ohne-kategorie","tag-kaufland-marketplace","tag-oesterreich","tag-polen"],"acf":[],"yoast_head":"<!-- This site is optimized with the Yoast SEO plugin v26.1.1 - https:\/\/yoast.com\/wordpress\/plugins\/seo\/ -->\n<title>Kaufland Marktplatz: Starttermine in Polen und \u00d6sterreich - E-Commerce Ratgeber &amp; Neuigkeiten von Base<\/title>\n<meta name=\"description\" content=\"Kaufland Marktplatz startet in Polen am 7. August und in \u00d6sterreich am 4. September. Entdecken Sie neue Verkaufschancen und internationale Expansion\" \/>\n<meta name=\"robots\" content=\"index, follow, max-snippet:-1, max-image-preview:large, max-video-preview:-1\" \/>\n<link rel=\"canonical\" href=\"https:\/\/base.com\/de-DE\/blog\/kaufland-polen-osterreich\/\" \/>\n<meta property=\"og:locale\" content=\"de_DE\" \/>\n<meta property=\"og:type\" content=\"article\" \/>\n<meta property=\"og:title\" content=\"Kaufland Marktplatz: Starttermine in Polen und \u00d6sterreich - E-Commerce Ratgeber &amp; Neuigkeiten von Base\" \/>\n<meta property=\"og:description\" content=\"Kaufland Marktplatz startet in Polen am 7. August und in \u00d6sterreich am 4. September. Entdecken Sie neue Verkaufschancen und internationale Expansion\" \/>\n<meta property=\"og:url\" content=\"https:\/\/base.com\/de-DE\/blog\/kaufland-polen-osterreich\/\" \/>\n<meta property=\"og:site_name\" content=\"E-Commerce Ratgeber &amp; Neuigkeiten von Base\" \/>\n<meta property=\"article:published_time\" content=\"2024-07-15T09:48:25+00:00\" \/>\n<meta property=\"article:modified_time\" content=\"2024-07-15T09:48:48+00:00\" \/>\n<meta property=\"og:image\" content=\"https:\/\/base.com\/de-DE\/blog\/wp-content\/uploads\/2024\/07\/Coming_soon_Grafik_PL_AT_Launch_Ankuendigung_FINAL-1-1.jpg\" \/>\n\t<meta property=\"og:image:width\" content=\"1150\" \/>\n\t<meta property=\"og:image:height\" content=\"969\" \/>\n\t<meta property=\"og:image:type\" content=\"image\/jpeg\" \/>\n<meta name=\"author\" content=\"Nike\" \/>\n<meta name=\"twitter:card\" content=\"summary_large_image\" \/>\n<meta name=\"twitter:label1\" content=\"Verfasst von\" \/>\n\t<meta name=\"twitter:data1\" content=\"Nike\" \/>\n\t<meta name=\"twitter:label2\" content=\"Gesch\u00e4tzte Lesezeit\" \/>\n\t<meta name=\"twitter:data2\" content=\"3\u00a0Minuten\" \/>\n<script type=\"application\/ld+json\" class=\"yoast-schema-graph\">{\"@context\":\"https:\/\/schema.org\",\"@graph\":[{\"@type\":\"Article\",\"@id\":\"https:\/\/base.com\/de-DE\/blog\/kaufland-polen-osterreich\/#article\",\"isPartOf\":{\"@id\":\"https:\/\/base.com\/de-DE\/blog\/kaufland-polen-osterreich\/\"},\"author\":{\"name\":\"Nike\",\"@id\":\"https:\/\/base.com\/de-DE\/blog\/#\/schema\/person\/b523a99fdf927fbe386308660ad024c8\"},\"headline\":\"Kaufland Marktplatz: Starttermine in Polen und \u00d6sterreich\",\"datePublished\":\"2024-07-15T09:48:25+00:00\",\"dateModified\":\"2024-07-15T09:48:48+00:00\",\"mainEntityOfPage\":{\"@id\":\"https:\/\/base.com\/de-DE\/blog\/kaufland-polen-osterreich\/\"},\"wordCount\":544,\"commentCount\":0,\"publisher\":{\"@id\":\"https:\/\/base.com\/de-DE\/blog\/#organization\"},\"image\":{\"@id\":\"https:\/\/base.com\/de-DE\/blog\/kaufland-polen-osterreich\/#primaryimage\"},\"thumbnailUrl\":\"https:\/\/base.com\/de-DE\/blog\/wp-content\/uploads\/2024\/07\/Coming_soon_Grafik_PL_AT_Launch_Ankuendigung_FINAL-1-1.jpg\",\"keywords\":[\"kaufland marketplace\",\"\u00d6sterreich\",\"Polen\"],\"articleSection\":[\"Ohne Kategorie\"],\"inLanguage\":\"de\",\"potentialAction\":[{\"@type\":\"CommentAction\",\"name\":\"Comment\",\"target\":[\"https:\/\/base.com\/de-DE\/blog\/kaufland-polen-osterreich\/#respond\"]}]},{\"@type\":\"WebPage\",\"@id\":\"https:\/\/base.com\/de-DE\/blog\/kaufland-polen-osterreich\/\",\"url\":\"https:\/\/base.com\/de-DE\/blog\/kaufland-polen-osterreich\/\",\"name\":\"Kaufland Marktplatz: Starttermine in Polen und \u00d6sterreich - E-Commerce Ratgeber &amp; Neuigkeiten von Base\",\"isPartOf\":{\"@id\":\"https:\/\/base.com\/de-DE\/blog\/#website\"},\"primaryImageOfPage\":{\"@id\":\"https:\/\/base.com\/de-DE\/blog\/kaufland-polen-osterreich\/#primaryimage\"},\"image\":{\"@id\":\"https:\/\/base.com\/de-DE\/blog\/kaufland-polen-osterreich\/#primaryimage\"},\"thumbnailUrl\":\"https:\/\/base.com\/de-DE\/blog\/wp-content\/uploads\/2024\/07\/Coming_soon_Grafik_PL_AT_Launch_Ankuendigung_FINAL-1-1.jpg\",\"datePublished\":\"2024-07-15T09:48:25+00:00\",\"dateModified\":\"2024-07-15T09:48:48+00:00\",\"description\":\"Kaufland Marktplatz startet in Polen am 7. August und in \u00d6sterreich am 4. September. Entdecken Sie neue Verkaufschancen und internationale Expansion\",\"breadcrumb\":{\"@id\":\"https:\/\/base.com\/de-DE\/blog\/kaufland-polen-osterreich\/#breadcrumb\"},\"inLanguage\":\"de\",\"potentialAction\":[{\"@type\":\"ReadAction\",\"target\":[\"https:\/\/base.com\/de-DE\/blog\/kaufland-polen-osterreich\/\"]}]},{\"@type\":\"ImageObject\",\"inLanguage\":\"de\",\"@id\":\"https:\/\/base.com\/de-DE\/blog\/kaufland-polen-osterreich\/#primaryimage\",\"url\":\"https:\/\/base.com\/de-DE\/blog\/wp-content\/uploads\/2024\/07\/Coming_soon_Grafik_PL_AT_Launch_Ankuendigung_FINAL-1-1.jpg\",\"contentUrl\":\"https:\/\/base.com\/de-DE\/blog\/wp-content\/uploads\/2024\/07\/Coming_soon_Grafik_PL_AT_Launch_Ankuendigung_FINAL-1-1.jpg\",\"width\":1150,\"height\":969},{\"@type\":\"BreadcrumbList\",\"@id\":\"https:\/\/base.com\/de-DE\/blog\/kaufland-polen-osterreich\/#breadcrumb\",\"itemListElement\":[{\"@type\":\"ListItem\",\"position\":1,\"name\":\"base.blog\",\"item\":\"https:\/\/base.com\/de-DE\/blog\/\"},{\"@type\":\"ListItem\",\"position\":2,\"name\":\"Ohne Kategorie\",\"item\":\"https:\/\/base.com\/de-DE\/blog\/category\/ohne-kategorie\/\"},{\"@type\":\"ListItem\",\"position\":3,\"name\":\"Kaufland Marktplatz: Starttermine in Polen und \u00d6sterreich\"}]},{\"@type\":\"WebSite\",\"@id\":\"https:\/\/base.com\/de-DE\/blog\/#website\",\"url\":\"https:\/\/base.com\/de-DE\/blog\/\",\"name\":\"E-Commerce Ratgeber & Neuigkeiten von Base\",\"description\":\"Praxiswissen und Updates f\u00fcr Online-H\u00e4ndler\",\"publisher\":{\"@id\":\"https:\/\/base.com\/de-DE\/blog\/#organization\"},\"potentialAction\":[{\"@type\":\"SearchAction\",\"target\":{\"@type\":\"EntryPoint\",\"urlTemplate\":\"https:\/\/base.com\/de-DE\/blog\/?s={search_term_string}\"},\"query-input\":{\"@type\":\"PropertyValueSpecification\",\"valueRequired\":true,\"valueName\":\"search_term_string\"}}],\"inLanguage\":\"de\"},{\"@type\":\"Organization\",\"@id\":\"https:\/\/base.com\/de-DE\/blog\/#organization\",\"name\":\"Base.com Blog DE\",\"alternateName\":\"Base.com\",\"url\":\"https:\/\/base.com\/de-DE\/blog\/\",\"logo\":{\"@type\":\"ImageObject\",\"inLanguage\":\"de\",\"@id\":\"https:\/\/base.com\/de-DE\/blog\/#\/schema\/logo\/image\/\",\"url\":\"https:\/\/base.com\/de-DE\/blog\/wp-content\/uploads\/2025\/10\/android-icon-512x512-1-300x300-1.png\",\"contentUrl\":\"https:\/\/base.com\/de-DE\/blog\/wp-content\/uploads\/2025\/10\/android-icon-512x512-1-300x300-1.png\",\"width\":300,\"height\":300,\"caption\":\"Base.com Blog DE\"},\"image\":{\"@id\":\"https:\/\/base.com\/de-DE\/blog\/#\/schema\/logo\/image\/\"}},{\"@type\":\"Person\",\"@id\":\"https:\/\/base.com\/de-DE\/blog\/#\/schema\/person\/b523a99fdf927fbe386308660ad024c8\",\"name\":\"Nike\",\"image\":{\"@type\":\"ImageObject\",\"inLanguage\":\"de\",\"@id\":\"https:\/\/base.com\/de-DE\/blog\/#\/schema\/person\/image\/\",\"url\":\"https:\/\/secure.gravatar.com\/avatar\/79d1a4dbc406924742754a31e50fcb7750cbbb85ca7aa238bb107888b96cd430?s=96&d=mm&r=g\",\"contentUrl\":\"https:\/\/secure.gravatar.com\/avatar\/79d1a4dbc406924742754a31e50fcb7750cbbb85ca7aa238bb107888b96cd430?s=96&d=mm&r=g\",\"caption\":\"Nike\"},\"url\":\"https:\/\/base.com\/de-DE\/blog\/author\/nike-nietrzpiel\/\"}]}<\/script>\n<!-- \/ Yoast SEO plugin. -->","yoast_head_json":{"title":"Kaufland Marktplatz: Starttermine in Polen und \u00d6sterreich - E-Commerce Ratgeber &amp; Neuigkeiten von Base","description":"Kaufland Marktplatz startet in Polen am 7. August und in \u00d6sterreich am 4. September. Entdecken Sie neue Verkaufschancen und internationale Expansion","robots":{"index":"index","follow":"follow","max-snippet":"max-snippet:-1","max-image-preview":"max-image-preview:large","max-video-preview":"max-video-preview:-1"},"canonical":"https:\/\/base.com\/de-DE\/blog\/kaufland-polen-osterreich\/","og_locale":"de_DE","og_type":"article","og_title":"Kaufland Marktplatz: Starttermine in Polen und \u00d6sterreich - E-Commerce Ratgeber &amp; Neuigkeiten von Base","og_description":"Kaufland Marktplatz startet in Polen am 7. August und in \u00d6sterreich am 4. September. Entdecken Sie neue Verkaufschancen und internationale Expansion","og_url":"https:\/\/base.com\/de-DE\/blog\/kaufland-polen-osterreich\/","og_site_name":"E-Commerce Ratgeber &amp; Neuigkeiten von Base","article_published_time":"2024-07-15T09:48:25+00:00","article_modified_time":"2024-07-15T09:48:48+00:00","og_image":[{"width":1150,"height":969,"url":"https:\/\/base.com\/de-DE\/blog\/wp-content\/uploads\/2024\/07\/Coming_soon_Grafik_PL_AT_Launch_Ankuendigung_FINAL-1-1.jpg","type":"image\/jpeg"}],"author":"Nike","twitter_card":"summary_large_image","twitter_misc":{"Verfasst von":"Nike","Gesch\u00e4tzte Lesezeit":"3\u00a0Minuten"},"schema":{"@context":"https:\/\/schema.org","@graph":[{"@type":"Article","@id":"https:\/\/base.com\/de-DE\/blog\/kaufland-polen-osterreich\/#article","isPartOf":{"@id":"https:\/\/base.com\/de-DE\/blog\/kaufland-polen-osterreich\/"},"author":{"name":"Nike","@id":"https:\/\/base.com\/de-DE\/blog\/#\/schema\/person\/b523a99fdf927fbe386308660ad024c8"},"headline":"Kaufland Marktplatz: Starttermine in Polen und \u00d6sterreich","datePublished":"2024-07-15T09:48:25+00:00","dateModified":"2024-07-15T09:48:48+00:00","mainEntityOfPage":{"@id":"https:\/\/base.com\/de-DE\/blog\/kaufland-polen-osterreich\/"},"wordCount":544,"commentCount":0,"publisher":{"@id":"https:\/\/base.com\/de-DE\/blog\/#organization"},"image":{"@id":"https:\/\/base.com\/de-DE\/blog\/kaufland-polen-osterreich\/#primaryimage"},"thumbnailUrl":"https:\/\/base.com\/de-DE\/blog\/wp-content\/uploads\/2024\/07\/Coming_soon_Grafik_PL_AT_Launch_Ankuendigung_FINAL-1-1.jpg","keywords":["kaufland marketplace","\u00d6sterreich","Polen"],"articleSection":["Ohne Kategorie"],"inLanguage":"de","potentialAction":[{"@type":"CommentAction","name":"Comment","target":["https:\/\/base.com\/de-DE\/blog\/kaufland-polen-osterreich\/#respond"]}]},{"@type":"WebPage","@id":"https:\/\/base.com\/de-DE\/blog\/kaufland-polen-osterreich\/","url":"https:\/\/base.com\/de-DE\/blog\/kaufland-polen-osterreich\/","name":"Kaufland Marktplatz: Starttermine in Polen und \u00d6sterreich - E-Commerce Ratgeber &amp; Neuigkeiten von Base","isPartOf":{"@id":"https:\/\/base.com\/de-DE\/blog\/#website"},"primaryImageOfPage":{"@id":"https:\/\/base.com\/de-DE\/blog\/kaufland-polen-osterreich\/#primaryimage"},"image":{"@id":"https:\/\/base.com\/de-DE\/blog\/kaufland-polen-osterreich\/#primaryimage"},"thumbnailUrl":"https:\/\/base.com\/de-DE\/blog\/wp-content\/uploads\/2024\/07\/Coming_soon_Grafik_PL_AT_Launch_Ankuendigung_FINAL-1-1.jpg","datePublished":"2024-07-15T09:48:25+00:00","dateModified":"2024-07-15T09:48:48+00:00","description":"Kaufland Marktplatz startet in Polen am 7. August und in \u00d6sterreich am 4. September. Entdecken Sie neue Verkaufschancen und internationale Expansion","breadcrumb":{"@id":"https:\/\/base.com\/de-DE\/blog\/kaufland-polen-osterreich\/#breadcrumb"},"inLanguage":"de","potentialAction":[{"@type":"ReadAction","target":["https:\/\/base.com\/de-DE\/blog\/kaufland-polen-osterreich\/"]}]},{"@type":"ImageObject","inLanguage":"de","@id":"https:\/\/base.com\/de-DE\/blog\/kaufland-polen-osterreich\/#primaryimage","url":"https:\/\/base.com\/de-DE\/blog\/wp-content\/uploads\/2024\/07\/Coming_soon_Grafik_PL_AT_Launch_Ankuendigung_FINAL-1-1.jpg","contentUrl":"https:\/\/base.com\/de-DE\/blog\/wp-content\/uploads\/2024\/07\/Coming_soon_Grafik_PL_AT_Launch_Ankuendigung_FINAL-1-1.jpg","width":1150,"height":969},{"@type":"BreadcrumbList","@id":"https:\/\/base.com\/de-DE\/blog\/kaufland-polen-osterreich\/#breadcrumb","itemListElement":[{"@type":"ListItem","position":1,"name":"base.blog","item":"https:\/\/base.com\/de-DE\/blog\/"},{"@type":"ListItem","position":2,"name":"Ohne Kategorie","item":"https:\/\/base.com\/de-DE\/blog\/category\/ohne-kategorie\/"},{"@type":"ListItem","position":3,"name":"Kaufland Marktplatz: Starttermine in Polen und \u00d6sterreich"}]},{"@type":"WebSite","@id":"https:\/\/base.com\/de-DE\/blog\/#website","url":"https:\/\/base.com\/de-DE\/blog\/","name":"E-Commerce Ratgeber & Neuigkeiten von Base","description":"Praxiswissen und Updates f\u00fcr Online-H\u00e4ndler","publisher":{"@id":"https:\/\/base.com\/de-DE\/blog\/#organization"},"potentialAction":[{"@type":"SearchAction","target":{"@type":"EntryPoint","urlTemplate":"https:\/\/base.com\/de-DE\/blog\/?s={search_term_string}"},"query-input":{"@type":"PropertyValueSpecification","valueRequired":true,"valueName":"search_term_string"}}],"inLanguage":"de"},{"@type":"Organization","@id":"https:\/\/base.com\/de-DE\/blog\/#organization","name":"Base.com Blog DE","alternateName":"Base.com","url":"https:\/\/base.com\/de-DE\/blog\/","logo":{"@type":"ImageObject","inLanguage":"de","@id":"https:\/\/base.com\/de-DE\/blog\/#\/schema\/logo\/image\/","url":"https:\/\/base.com\/de-DE\/blog\/wp-content\/uploads\/2025\/10\/android-icon-512x512-1-300x300-1.png","contentUrl":"https:\/\/base.com\/de-DE\/blog\/wp-content\/uploads\/2025\/10\/android-icon-512x512-1-300x300-1.png","width":300,"height":300,"caption":"Base.com Blog DE"},"image":{"@id":"https:\/\/base.com\/de-DE\/blog\/#\/schema\/logo\/image\/"}},{"@type":"Person","@id":"https:\/\/base.com\/de-DE\/blog\/#\/schema\/person\/b523a99fdf927fbe386308660ad024c8","name":"Nike","image":{"@type":"ImageObject","inLanguage":"de","@id":"https:\/\/base.com\/de-DE\/blog\/#\/schema\/person\/image\/","url":"https:\/\/secure.gravatar.com\/avatar\/79d1a4dbc406924742754a31e50fcb7750cbbb85ca7aa238bb107888b96cd430?s=96&d=mm&r=g","contentUrl":"https:\/\/secure.gravatar.com\/avatar\/79d1a4dbc406924742754a31e50fcb7750cbbb85ca7aa238bb107888b96cd430?s=96&d=mm&r=g","caption":"Nike"},"url":"https:\/\/base.com\/de-DE\/blog\/author\/nike-nietrzpiel\/"}]}},"views":3246,"_links":{"self":[{"href":"https:\/\/base.com\/de-DE\/blog\/wp-json\/wp\/v2\/posts\/18830","targetHints":{"allow":["GET"]}}],"collection":[{"href":"https:\/\/base.com\/de-DE\/blog\/wp-json\/wp\/v2\/posts"}],"about":[{"href":"https:\/\/base.com\/de-DE\/blog\/wp-json\/wp\/v2\/types\/post"}],"author":[{"embeddable":true,"href":"https:\/\/base.com\/de-DE\/blog\/wp-json\/wp\/v2\/users\/9"}],"replies":[{"embeddable":true,"href":"https:\/\/base.com\/de-DE\/blog\/wp-json\/wp\/v2\/comments?post=18830"}],"version-history":[{"count":2,"href":"https:\/\/base.com\/de-DE\/blog\/wp-json\/wp\/v2\/posts\/18830\/revisions"}],"predecessor-version":[{"id":18833,"href":"https:\/\/base.com\/de-DE\/blog\/wp-json\/wp\/v2\/posts\/18830\/revisions\/18833"}],"wp:featuredmedia":[{"embeddable":true,"href":"https:\/\/base.com\/de-DE\/blog\/wp-json\/wp\/v2\/media\/18831"}],"wp:attachment":[{"href":"https:\/\/base.com\/de-DE\/blog\/wp-json\/wp\/v2\/media?parent=18830"}],"wp:term":[{"taxonomy":"category","embeddable":true,"href":"https:\/\/base.com\/de-DE\/blog\/wp-json\/wp\/v2\/categories?post=18830"},{"taxonomy":"post_tag","embeddable":true,"href":"https:\/\/base.com\/de-DE\/blog\/wp-json\/wp\/v2\/tags?post=18830"},{"taxonomy":"authors","embeddable":true,"href":"https:\/\/base.com\/de-DE\/blog\/wp-json\/wp\/v2\/authors?post=18830"}],"curies":[{"name":"wp","href":"https:\/\/api.w.org\/{rel}","templated":true}]}}