{"id":18265,"date":"2026-03-06T11:03:37","date_gmt":"2026-03-06T14:03:37","guid":{"rendered":"https:\/\/base.com\/es-AR\/blog\/?p=18265"},"modified":"2026-03-10T14:31:18","modified_gmt":"2026-03-10T17:31:18","slug":"reforma-tributaria-brasil","status":"publish","type":"post","link":"https:\/\/base.com\/es-AR\/blog\/reforma-tributaria-brasil\/","title":{"rendered":"Reforma tributaria en Brasil y su impacto en tu marketplace"},"content":{"rendered":"<div id=\"ez-toc-container\" class=\"ez-toc-v2_0_81 counter-hierarchy ez-toc-counter ez-toc-grey ez-toc-container-direction\">\n<div class=\"ez-toc-title-container\">\n<p class=\"ez-toc-title\" style=\"cursor:inherit\">\u00cdndice<\/p>\n<span class=\"ez-toc-title-toggle\"><a href=\"#\" class=\"ez-toc-pull-right ez-toc-btn ez-toc-btn-xs ez-toc-btn-default ez-toc-toggle\" aria-label=\"Toggle Table of Content\"><span class=\"ez-toc-js-icon-con\"><span class=\"\"><span class=\"eztoc-hide\" style=\"display:none;\">Toggle<\/span><span class=\"ez-toc-icon-toggle-span\"><svg style=\"fill: #999;color:#999\" xmlns=\"http:\/\/www.w3.org\/2000\/svg\" class=\"list-377408\" width=\"20px\" height=\"20px\" viewBox=\"0 0 24 24\" fill=\"none\"><path d=\"M6 6H4v2h2V6zm14 0H8v2h12V6zM4 11h2v2H4v-2zm16 0H8v2h12v-2zM4 16h2v2H4v-2zm16 0H8v2h12v-2z\" fill=\"currentColor\"><\/path><\/svg><svg style=\"fill: #999;color:#999\" class=\"arrow-unsorted-368013\" xmlns=\"http:\/\/www.w3.org\/2000\/svg\" width=\"10px\" height=\"10px\" viewBox=\"0 0 24 24\" version=\"1.2\" baseProfile=\"tiny\"><path d=\"M18.2 9.3l-6.2-6.3-6.2 6.3c-.2.2-.3.4-.3.7s.1.5.3.7c.2.2.4.3.7.3h11c.3 0 .5-.1.7-.3.2-.2.3-.5.3-.7s-.1-.5-.3-.7zM5.8 14.7l6.2 6.3 6.2-6.3c.2-.2.3-.5.3-.7s-.1-.5-.3-.7c-.2-.2-.4-.3-.7-.3h-11c-.3 0-.5.1-.7.3-.2.2-.3.5-.3.7s.1.5.3.7z\"\/><\/svg><\/span><\/span><\/span><\/a><\/span><\/div>\n<nav><ul class='ez-toc-list ez-toc-list-level-1 ' ><li class='ez-toc-page-1 ez-toc-heading-level-2'><a class=\"ez-toc-link ez-toc-heading-1\" href=\"https:\/\/base.com\/es-AR\/blog\/reforma-tributaria-brasil\/#Que_cambia_con_la_reforma_tributaria_en_Brasil\" >Qu\u00e9 cambia con la reforma tributaria en Brasil<\/a><ul class='ez-toc-list-level-3' ><li class='ez-toc-heading-level-3'><a class=\"ez-toc-link ez-toc-heading-2\" href=\"https:\/\/base.com\/es-AR\/blog\/reforma-tributaria-brasil\/#Del_caos_de_cinco_impuestos_a_un_IVA_dual\" >Del caos de cinco impuestos a un IVA dual<\/a><\/li><li class='ez-toc-page-1 ez-toc-heading-level-3'><a class=\"ez-toc-link ez-toc-heading-3\" href=\"https:\/\/base.com\/es-AR\/blog\/reforma-tributaria-brasil\/#Cuando_entra_en_vigencia_y_por_que_importa_ahora\" >Cu\u00e1ndo entra en vigencia y por qu\u00e9 importa ahora<\/a><\/li><\/ul><\/li><li class='ez-toc-page-1 ez-toc-heading-level-2'><a class=\"ez-toc-link ez-toc-heading-4\" href=\"https:\/\/base.com\/es-AR\/blog\/reforma-tributaria-brasil\/#Como_impacta_la_reforma_en_un_marketplace_argentino_que_opera_en_Brasil\" >C\u00f3mo impacta la reforma en un marketplace argentino que opera en Brasil<\/a><ul class='ez-toc-list-level-3' ><li class='ez-toc-heading-level-3'><a class=\"ez-toc-link ez-toc-heading-5\" href=\"https:\/\/base.com\/es-AR\/blog\/reforma-tributaria-brasil\/#Margen_por_operacion_el_primer_afectado\" >Margen por operaci\u00f3n: el primer afectado<\/a><\/li><li class='ez-toc-page-1 ez-toc-heading-level-3'><a class=\"ez-toc-link ez-toc-heading-6\" href=\"https:\/\/base.com\/es-AR\/blog\/reforma-tributaria-brasil\/#Facturacion_y_notas_fiscales\" >Facturaci\u00f3n y notas fiscales<\/a><\/li><\/ul><\/li><li class='ez-toc-page-1 ez-toc-heading-level-2'><a class=\"ez-toc-link ez-toc-heading-7\" href=\"https:\/\/base.com\/es-AR\/blog\/reforma-tributaria-brasil\/#Impacto_en_el_split_de_pagos_en_marketplaces\" >Impacto en el split de pagos en marketplaces<\/a><ul class='ez-toc-list-level-3' ><li class='ez-toc-heading-level-3'><a class=\"ez-toc-link ez-toc-heading-8\" href=\"https:\/\/base.com\/es-AR\/blog\/reforma-tributaria-brasil\/#Que_cambia_en_el_split\" >Qu\u00e9 cambia en el split<\/a><\/li><\/ul><\/li><li class='ez-toc-page-1 ez-toc-heading-level-2'><a class=\"ez-toc-link ez-toc-heading-9\" href=\"https:\/\/base.com\/es-AR\/blog\/reforma-tributaria-brasil\/#Como_afecta_la_reforma_a_los_intermediarios\" >C\u00f3mo afecta la reforma a los intermediarios<\/a><ul class='ez-toc-list-level-3' ><li class='ez-toc-heading-level-3'><a class=\"ez-toc-link ez-toc-heading-10\" href=\"https:\/\/base.com\/es-AR\/blog\/reforma-tributaria-brasil\/#Intermediacion_y_base_imponible\" >Intermediaci\u00f3n y base imponible<\/a><\/li><\/ul><\/li><li class='ez-toc-page-1 ez-toc-heading-level-2'><a class=\"ez-toc-link ez-toc-heading-11\" href=\"https:\/\/base.com\/es-AR\/blog\/reforma-tributaria-brasil\/#Gestion_de_gastos_operativos_en_Brasil\" >Gesti\u00f3n de gastos operativos en Brasil<\/a><ul class='ez-toc-list-level-3' ><li class='ez-toc-heading-level-3'><a class=\"ez-toc-link ez-toc-heading-12\" href=\"https:\/\/base.com\/es-AR\/blog\/reforma-tributaria-brasil\/#Equipos_software_y_servicios_locales\" >Equipos, software y servicios locales<\/a><\/li><li class='ez-toc-page-1 ez-toc-heading-level-3'><a class=\"ez-toc-link ez-toc-heading-13\" href=\"https:\/\/base.com\/es-AR\/blog\/reforma-tributaria-brasil\/#Conciliacion_regional_sin_friccion\" >Conciliaci\u00f3n regional sin fricci\u00f3n<\/a><\/li><\/ul><\/li><li class='ez-toc-page-1 ez-toc-heading-level-2'><a class=\"ez-toc-link ez-toc-heading-14\" href=\"https:\/\/base.com\/es-AR\/blog\/reforma-tributaria-brasil\/#Agenda_una_demo_con_Base_y_optimiza_tu_operacion_regional\" >Agend\u00e1 una demo con Base y optimiz\u00e1 tu operaci\u00f3n regional<\/a><\/li><\/ul><\/nav><\/div>\n\n<p>Si tu marketplace argentino opera en Brasil, ya sea vendiendo directamente, trabajando con sellers brasile\u00f1os o contratando servicios locales, <a href=\"https:\/\/www.gov.br\/receitafederal\/pt-br\/assuntos\/reforma-tributaria\"><strong>la reforma tributaria<\/strong><\/a><strong> cambia de forma estructural c\u00f3mo se calculan impuestos, costos y m\u00e1rgenes.<\/strong>&nbsp;<\/p>\n\n\n\n<p>A partir de 2026 entra en vigencia el nuevo IVA dual brasile\u00f1o, compuesto por el IBS y la CBS, que reemplaza cinco impuestos actuales. En este art\u00edculo <strong>te explicamos, en t\u00e9rminos de negocio, c\u00f3mo funciona la reforma y qu\u00e9 decisiones conviene tomar.<\/strong>&nbsp;<\/p>\n\n\n\n<h2 class=\"wp-block-heading\"><span class=\"ez-toc-section\" id=\"Que_cambia_con_la_reforma_tributaria_en_Brasil\"><\/span><strong>Qu\u00e9 cambia con la reforma tributaria en Brasil<\/strong><span class=\"ez-toc-section-end\"><\/span><\/h2>\n\n\n\n<p>La reforma tributaria brasile\u00f1a <strong>busca resolver un problema hist\u00f3rico: un sistema impositivo fragmentado, costoso de administrar y dif\u00edcil de entender<\/strong> incluso para empresas locales. Para una empresa argentina que opera en Brasil, esta complejidad se multiplica por las diferencias normativas, la diferencia de idiomas y la necesidad de coordinar equipos y proveedores en dos pa\u00edses.<\/p>\n\n\n\n<p>El cambio no se limita a una simplificaci\u00f3n nominal.<strong> Afecta la forma en que se calcula el impuesto, el momento en que se devenga, la posibilidad de tomar cr\u00e9ditos fiscales y la responsabilidad <\/strong>de cada actor dentro de una operaci\u00f3n comercial. Por eso, aunque la implementaci\u00f3n plena sea progresiva, el impacto operativo empieza mucho antes.<\/p>\n\n\n\n<h3 class=\"wp-block-heading\"><span class=\"ez-toc-section\" id=\"Del_caos_de_cinco_impuestos_a_un_IVA_dual\"><\/span><strong>Del caos de cinco impuestos a un IVA dual<\/strong><span class=\"ez-toc-section-end\"><\/span><\/h3>\n\n\n\n<p>Hasta ahora, Brasil aplicaba una combinaci\u00f3n de impuestos federales, estaduales y municipales que se superpon\u00edan entre s\u00ed. Esto generaba interpretaciones distintas seg\u00fan la jurisdicci\u00f3n y una alta carga administrativa.<strong> La reforma elimina este esquema y lo reemplaza por dos impuestos tipo IVA:<\/strong><\/p>\n\n\n\n<ul class=\"wp-block-list\">\n<li><strong>CBS (Contribui\u00e7\u00e3o sobre Bens e Servi\u00e7os)<\/strong>, de alcance federal, que unifica PIS y Cofins.<br><\/li>\n\n\n\n<li><strong>IBS (Imposto sobre Bens e Servi\u00e7os)<\/strong>, compartido entre estados y municipios, que reemplaza ICMS e ISS.<\/li>\n<\/ul>\n\n\n\n<p>El objetivo es que ambos funcionen de manera coordinada, con reglas comunes de base imponible, cr\u00e9dito fiscal y liquidaci\u00f3n. Para un marketplace, <strong>esto significa menos impuestos distintos, pero tambi\u00e9n la necesidad de adaptar sistemas<\/strong> para calcular correctamente cada componente.<\/p>\n\n\n\n<h3 class=\"wp-block-heading\"><span class=\"ez-toc-section\" id=\"Cuando_entra_en_vigencia_y_por_que_importa_ahora\"><\/span><strong>Cu\u00e1ndo entra en vigencia y por qu\u00e9 importa ahora<\/strong><span class=\"ez-toc-section-end\"><\/span><\/h3>\n\n\n\n<p>Seg\u00fan el marco aprobado, 2026 es el a\u00f1o de inicio formal del nuevo sistema,durante varios a\u00f1os conviven el sistema viejo y el nuevo, lo que obliga a operar con reglas mixtas. <strong>La implementaci\u00f3n completa se proyecta de forma gradual hasta 2032 o 2033<\/strong>.<\/p>\n\n\n\n<p>Para un marketplace argentino con operaci\u00f3n en Brasil, este calendario impacta directamente en:<\/p>\n\n\n\n<ul class=\"wp-block-list\">\n<li><strong>Proyecci\u00f3n de costos y m\u00e1rgenes a mediano plazo<\/strong>, porque las al\u00edcuotas efectivas cambian progresivamente y afectan el resultado real de cada operaci\u00f3n.<\/li>\n\n\n\n<li><strong>Dise\u00f1o del split de pagos<\/strong> entre sellers, plataforma e impuestos, ya que durante la transici\u00f3n se deben contemplar ambos reg\u00edmenes.<\/li>\n\n\n\n<li><strong>Conciliaci\u00f3n contable y fiscal entre Argentina y Brasil<\/strong>, con mayor volumen de ajustes y validaciones si no hay procesos automatizados.<\/li>\n<\/ul>\n\n\n\n<p><strong>Trabajar sobre la transici\u00f3n desde ahora te da margen para ordenar procesos con calma<\/strong> y tomar decisiones basadas en datos reales. Prepararte antes de que el cambio sea obligatorio te permite probar escenarios, ajustar sistemas y llegar a la implementaci\u00f3n plena con una operaci\u00f3n estable, visibilidad sobre el margen y capacidad de escalar regionalmente sin sobresaltos.<\/p>\n\n\n\n<h2 class=\"wp-block-heading\"><span class=\"ez-toc-section\" id=\"Como_impacta_la_reforma_en_un_marketplace_argentino_que_opera_en_Brasil\"><\/span><strong>C\u00f3mo impacta la reforma en un marketplace argentino que opera en Brasil<\/strong><span class=\"ez-toc-section-end\"><\/span><\/h2>\n\n\n\n<p>Cuando un marketplace cruza fronteras, los cambios regulatorios dejan de ser abstractos y se vuelven operativos. La reforma brasile\u00f1a<strong> afecta directamente c\u00f3mo se estructura cada transacci\u00f3n, qui\u00e9n retiene el impuesto y en qu\u00e9 momento se descuenta<\/strong>.<\/p>\n\n\n\n<p>La clave est\u00e1 en entender qu\u00e9 parte del negocio queda alcanzada por el nuevo IVA y c\u00f3mo se refleja eso en el d\u00eda a d\u00eda.<\/p>\n\n\n\n<h3 class=\"wp-block-heading\"><span class=\"ez-toc-section\" id=\"Margen_por_operacion_el_primer_afectado\"><\/span><strong>Margen por operaci\u00f3n: el primer afectado<\/strong><span class=\"ez-toc-section-end\"><\/span><\/h3>\n\n\n\n<p>Antes de la reforma, el impacto impositivo en Brasil era dif\u00edcil de leer pero relativamente previsible para muchos marketplaces. En muchos casos, <strong>el impuesto se aplicaba en el origen de la operaci\u00f3n o se dilu\u00eda dentro del precio final<\/strong>, lo que hac\u00eda menos visible su efecto real sobre el margen.<\/p>\n\n\n\n<p>Con el nuevo IVA dual, la l\u00f3gica cambia de forma estructural. <strong>El impuesto pasa a aplicarse en destino, es decir, en el lugar donde se consume el bien o servicio<\/strong>. Esto significa que la carga fiscal deja de depender principalmente de d\u00f3nde est\u00e1 constituida la empresa y pasa a depender de d\u00f3nde ocurre la operaci\u00f3n econ\u00f3mica.<\/p>\n\n\n\n<p><a href=\"https:\/\/docs.google.com\/document\/d\/1BKYs1WVmZg8Giu7VbED8-adeZjtU8jtMq_hj8J_RJxA\/edit?tab=t.0\">Para un marketplace argentino que vende en Brasil<\/a> o facilita transacciones all\u00ed, esto obliga a recalcular el impacto real del impuesto en cada venta. En la pr\u00e1ctica, el cambio se traduce en situaciones concretas como:<\/p>\n\n\n\n<ul class=\"wp-block-list\">\n<li><strong>Al\u00edcuotas efectivas m\u00e1s altas en determinadas operaciones<\/strong>, especialmente cuando antes se aplicaban exenciones, beneficios regionales o interpretaciones favorables del ICMS o ISS.<\/li>\n\n\n\n<li><strong>Impuestos calculados sobre bases m\u00e1s amplias<\/strong>, ya que el nuevo IVA tiende a gravar de forma m\u00e1s uniforme la operaci\u00f3n completa, incluyendo servicios asociados que antes pod\u00edan quedar fuera o tributar por separado.<\/li>\n\n\n\n<li><strong>Menor claridad sobre cu\u00e1nto del precio final corresponde a carga fiscal<\/strong>, si no se separan correctamente precio, comisi\u00f3n, servicios y log\u00edstica dentro del flujo de la operaci\u00f3n.<\/li>\n<\/ul>\n\n\n\n<p><strong>Contar con visibilidad detallada por SKU, comisi\u00f3n y costos log\u00edsticos te permite anticipar el impacto real<\/strong> del nuevo esquema impositivo. Al separar claramente cada componente del precio, el margen se vuelve medible y gestionable. As\u00ed pod\u00e9s ajustar pricing, comisiones o promociones a tiempo, antes de que el efecto se acumule a nivel mensual y afecte la rentabilidad general del negocio.<\/p>\n\n\n\n<h3 class=\"wp-block-heading\"><span class=\"ez-toc-section\" id=\"Facturacion_y_notas_fiscales\"><\/span><strong>Facturaci\u00f3n y notas fiscales<\/strong><span class=\"ez-toc-section-end\"><\/span><\/h3>\n\n\n\n<p>Antes de la reforma,<strong> la emisi\u00f3n de notas fiscales en Brasil estaba basada en un conjunto conocido de impuestos<\/strong> y c\u00f3digos.<\/p>\n\n\n\n<p>Con la reforma, este esquema cambia.<strong> El nuevo IVA exige una correspondencia m\u00e1s estricta entre la operaci\u00f3n, la nota fiscal y el impuesto declarado<\/strong>. Cambian los c\u00f3digos impositivos, se redefinen las bases imponibles y se refuerza la trazabilidad entre lo facturado y lo efectivamente cobrado.&nbsp;<\/p>\n\n\n\n<p>Para un marketplace con m\u00faltiples sellers, el impacto es concreto:<\/p>\n\n\n\n<ul class=\"wp-block-list\">\n<li><strong>Mayor volumen de documentos fiscales a conciliar<\/strong>, porque cada operaci\u00f3n debe reflejar correctamente el nuevo impuesto y su distribuci\u00f3n entre las partes.<\/li>\n\n\n\n<li><strong>Necesidad de validar con m\u00e1s precisi\u00f3n la clasificaci\u00f3n de cada transacci\u00f3n<\/strong>, ya que errores en el encuadre impositivo se trasladan directamente a la declaraci\u00f3n.<\/li>\n\n\n\n<li><strong>Mayor riesgo de inconsistencias entre lo facturado, lo cobrado y lo declarado<\/strong>, especialmente si los sistemas de pago, facturaci\u00f3n y contabilidad no est\u00e1n integrados.<\/li>\n<\/ul>\n\n\n\n<p><a href=\"https:\/\/base.com\/es-AR\/funcionalidades\/acciones-automaticas\/\">Conectar facturaci\u00f3n, pagos y conciliaci\u00f3n en un solo flujo<\/a> operativo permite reducir fricci\u00f3n y ganar control desde el inicio. Cuando<a href=\"https:\/\/docs.google.com\/document\/d\/1I3nSKpDAnXGJG6PGfscU9il92Cg5tLgreBMzXmFrh-8\/edit?tab=t.0\"> los datos circulan de forma integrada<\/a>, los ajustes se hacen una sola vez, <strong>se eliminan reprocesos y el equipo puede enfocarse en analizar resultados en lugar de corregir desv\u00edos.&nbsp;<\/strong><\/p>\n\n\n\n<h2 class=\"wp-block-heading\"><span class=\"ez-toc-section\" id=\"Impacto_en_el_split_de_pagos_en_marketplaces\"><\/span><strong>Impacto en el split de pagos en marketplaces<\/strong><span class=\"ez-toc-section-end\"><\/span><\/h2>\n\n\n\n<p>El split de pagos es uno de los puntos m\u00e1s sensibles de cualquier marketplace. Con la reforma, su dise\u00f1o cobra todav\u00eda m\u00e1s relevancia porque <strong>el impuesto puede afectar directamente el monto que recibe cada parte.<\/strong><\/p>\n\n\n\n<h3 class=\"wp-block-heading\"><span class=\"ez-toc-section\" id=\"Que_cambia_en_el_split\"><\/span><strong>Qu\u00e9 cambia en el split<\/strong><span class=\"ez-toc-section-end\"><\/span><\/h3>\n\n\n\n<p>Con el IVA dual,<strong> el impuesto puede descontarse antes de distribuir los fondos<\/strong>. Adem\u00e1s, las al\u00edcuotas pueden variar seg\u00fan el tipo de operaci\u00f3n, el servicio prestado y la jurisdicci\u00f3n.<\/p>\n\n\n\n<p>Esto implica que el split debe considerar:<\/p>\n\n\n\n<ul class=\"wp-block-list\">\n<li>La porci\u00f3n del ingreso sujeta a impuesto.<\/li>\n\n\n\n<li>El momento exacto en que se aplica la retenci\u00f3n.<\/li>\n\n\n\n<li>La responsabilidad fiscal del marketplace frente a sellers y autoridades.<\/li>\n<\/ul>\n\n\n\n<p>Dise\u00f1ar el split de <a href=\"https:\/\/docs.google.com\/document\/d\/1HdYLiy-PC16xTaAoptmVT_KC0jB-C2vfshkSEmY_U6M\/edit?usp=drive_link\">pagos con reglas autom\u00e1ticas<\/a> <strong>permite absorber cambios regulatorios sin intervenci\u00f3n constante<\/strong> y sostener la operaci\u00f3n a medida que el volumen crece.&nbsp;<\/p>\n\n\n\n<p>Al <strong>aplicar impuestos en tiempo real y ajustar el flujo de forma progresiva<\/strong>, el marketplace mantiene previsibilidad en los pagos a sellers, reduce fricci\u00f3n operativa y simplifica la conciliaci\u00f3n contable, fortaleciendo la confianza y liberando al equipo para enfocarse en decisiones estrat\u00e9gicas.<\/p>\n\n\n\n<h2 class=\"wp-block-heading\"><span class=\"ez-toc-section\" id=\"Como_afecta_la_reforma_a_los_intermediarios\"><\/span><strong>C\u00f3mo afecta la reforma a los intermediarios<\/strong><span class=\"ez-toc-section-end\"><\/span><\/h2>\n\n\n\n<p>Para muchos marketplaces,<strong> operar como intermediario implicaba hasta ahora una carga impositiva relativamente acotada<\/strong>, concentrada principalmente en la comisi\u00f3n.&nbsp;<\/p>\n\n\n\n<p>Con la reforma, esta l\u00f3gica se vuelve m\u00e1s estricta. El nuevo IVA brasile\u00f1o pone el foco en <strong>la operaci\u00f3n econ\u00f3mica completa<\/strong> y en el rol real que cumple el marketplace dentro de la transacci\u00f3n.&nbsp;<\/p>\n\n\n\n<h3 class=\"wp-block-heading\"><span class=\"ez-toc-section\" id=\"Intermediacion_y_base_imponible\"><\/span><strong>Intermediaci\u00f3n y base imponible<\/strong><span class=\"ez-toc-section-end\"><\/span><\/h3>\n\n\n\n<p>La principal diferencia es que ya no se analiza solo la venta final del producto, sino <strong>todos los servicios que intervienen en la transacci\u00f3n<\/strong>. Bajo el nuevo esquema, la base imponible puede ampliarse si los conceptos no est\u00e1n claramente separados o si el marketplace asume un rol m\u00e1s activo en la operaci\u00f3n.<\/p>\n\n\n\n<p>En general, pasan a ser relevantes:<\/p>\n\n\n\n<ul class=\"wp-block-list\">\n<li><strong>La comisi\u00f3n del marketplace<\/strong>, que queda claramente alcanzada por el nuevo IVA como prestaci\u00f3n de servicios.<\/li>\n\n\n\n<li><strong>Servicios adicionales<\/strong> como log\u00edstica, financiamiento, gesti\u00f3n de pagos o acciones de marketing, que pueden tributar de forma independiente si est\u00e1n correctamente identificados.<\/li>\n\n\n\n<li><strong>Retenciones sobre pagos procesados<\/strong>, cuando el marketplace administra el cobro y la distribuci\u00f3n de fondos entre las partes.<br><\/li>\n<\/ul>\n\n\n\n<p><strong>Separar comisi\u00f3n, servicios y pagos transfronterizos es una decisi\u00f3n clave para adaptarse al nuevo IVA <\/strong>brasile\u00f1o, porque permite identificar con precisi\u00f3n qu\u00e9 parte del ingreso est\u00e1 alcanzada por el impuesto y qu\u00e9 al\u00edcuota corresponde aplicar en cada caso.&nbsp;<\/p>\n\n\n\n<p>Esta claridad <strong>mejora la conciliaci\u00f3n fiscal y contable, protege el margen del marketplace y da previsibilidad<\/strong> para ajustar el modelo de negocio sin asumir cargas impositivas innecesarias a medida que la operaci\u00f3n regional escala.<\/p>\n\n\n\n<h2 class=\"wp-block-heading\"><span class=\"ez-toc-section\" id=\"Gestion_de_gastos_operativos_en_Brasil\"><\/span><strong>Gesti\u00f3n de gastos operativos en Brasil<\/strong><span class=\"ez-toc-section-end\"><\/span><\/h2>\n\n\n\n<p>La reforma no impacta solo en ingresos. Si ten\u00e9s estructura operativa en Brasil, t<strong>ambi\u00e9n cambia la forma en que se tratan los gastos y los cr\u00e9ditos fiscales asociados<\/strong>.<\/p>\n\n\n\n<p><strong>Para una empresa argentina, esto suma una capa adicional de complejidad <\/strong>si no hay integraci\u00f3n entre sistemas.<\/p>\n\n\n\n<h3 class=\"wp-block-heading\"><span class=\"ez-toc-section\" id=\"Equipos_software_y_servicios_locales\"><\/span><strong>Equipos, software y servicios locales<\/strong><span class=\"ez-toc-section-end\"><\/span><\/h3>\n\n\n\n<p>Con el nuevo IVA, <strong>cambian las reglas para deducir impuestos sobre servicios contratados<\/strong> en Brasil.&nbsp;<\/p>\n\n\n\n<p>Esto afecta gastos como:<\/p>\n\n\n\n<ul class=\"wp-block-list\">\n<li>Personal local.<\/li>\n\n\n\n<li>Proveedores de software o log\u00edstica.<\/li>\n\n\n\n<li>Servicios profesionales y operativos.<\/li>\n<\/ul>\n\n\n\n<p>El impacto final <strong>depende de c\u00f3mo se registren y concilien esos gastos.<\/strong><\/p>\n\n\n\n<h3 class=\"wp-block-heading\"><span class=\"ez-toc-section\" id=\"Conciliacion_regional_sin_friccion\"><\/span><strong>Conciliaci\u00f3n regional sin fricci\u00f3n<\/strong><span class=\"ez-toc-section-end\"><\/span><\/h3>\n\n\n\n<p>Cuando combin\u00e1s ingresos y gastos en distintas monedas y reg\u00edmenes,<strong> la conciliaci\u00f3n manual se vuelve inviable<\/strong>. La reforma refuerza la necesidad de tener una visi\u00f3n consolidada que permita entender el resultado real de la operaci\u00f3n regional.<\/p>\n\n\n\n<h2 class=\"wp-block-heading\"><span class=\"ez-toc-section\" id=\"Agenda_una_demo_con_Base_y_optimiza_tu_operacion_regional\"><\/span><strong>Agend\u00e1 una demo con Base y optimiz\u00e1 tu operaci\u00f3n regional<\/strong><span class=\"ez-toc-section-end\"><\/span><\/h2>\n\n\n\n<p>Desde <a href=\"https:\/\/base.com\/es-AR\/home\/\">Base<\/a> ayudamos a ordenar operaciones regionales conectando ventas, pagos, facturaci\u00f3n y sistemas de gesti\u00f3n en un solo flujo operativo.&nbsp;<\/p>\n\n\n\n<p>A trav\u00e9s de integraciones con marketplaces, tiendas y ERP, centralizamos informaci\u00f3n de m\u00faltiples CUIT o CNPJ, automatizamos reglas de distribuci\u00f3n y conciliaci\u00f3n, y damos visibilidad sobre resultados por SKU y por pa\u00eds.&nbsp;<\/p>\n\n\n\n<p><a href=\"https:\/\/base.com\/es-AR\/registro\/\">Agend\u00e1 una demo gratuita<\/a> y analiz\u00e1 tu caso concreto con nuestro equipo. Vas a poder probar todas las funciones e integraciones de base durante 14 dias sin cargo!<\/p>\n","protected":false},"excerpt":{"rendered":"<p>Si tu marketplace argentino opera en Brasil, ya sea vendiendo directamente, trabajando con sellers brasile\u00f1os o contratando servicios locales, la reforma tributaria cambia de forma estructural c\u00f3mo se calculan impuestos, costos y m\u00e1rgenes.&nbsp; A partir de 2026 entra en vigencia el nuevo IVA dual brasile\u00f1o, compuesto por el IBS y la CBS, que reemplaza cinco [&hellip;]<\/p>\n","protected":false},"author":101,"featured_media":18266,"comment_status":"open","ping_status":"open","sticky":false,"template":"","format":"standard","meta":{"_acf_changed":false,"footnotes":""},"categories":[1],"tags":[],"authors":[],"class_list":["post-18265","post","type-post","status-publish","format-standard","has-post-thumbnail","hentry","category-uncategorized"],"acf":[],"yoast_head":"<!-- This site is optimized with the Yoast SEO plugin v27.0 - https:\/\/yoast.com\/product\/yoast-seo-wordpress\/ -->\n<title>Reforma tributaria en Brasil y su impacto en tu marketplace<\/title>\n<meta name=\"description\" content=\"Si oper\u00e1s en Brasil o ten\u00e9s proveedores all\u00e1, los nuevos impuestos (IVA brasile\u00f1o) cambian tus costos. Gu\u00eda para due\u00f1os de marketplaces de c\u00f3mo gestionar estos gastos.\" \/>\n<meta name=\"robots\" content=\"index, follow, max-snippet:-1, max-image-preview:large, max-video-preview:-1\" \/>\n<link rel=\"canonical\" href=\"https:\/\/base.com\/es-AR\/blog\/reforma-tributaria-brasil\/\" \/>\n<meta property=\"og:locale\" content=\"es_ES\" \/>\n<meta property=\"og:type\" content=\"article\" \/>\n<meta property=\"og:title\" content=\"Reforma tributaria en Brasil y su impacto en tu marketplace\" \/>\n<meta property=\"og:description\" content=\"Si oper\u00e1s en Brasil o ten\u00e9s proveedores all\u00e1, los nuevos impuestos (IVA brasile\u00f1o) cambian tus costos. Gu\u00eda para due\u00f1os de marketplaces de c\u00f3mo gestionar estos gastos.\" \/>\n<meta property=\"og:url\" content=\"https:\/\/base.com\/es-AR\/blog\/reforma-tributaria-brasil\/\" \/>\n<meta property=\"og:site_name\" content=\"Base Blog\" \/>\n<meta property=\"article:published_time\" content=\"2026-03-06T14:03:37+00:00\" \/>\n<meta property=\"article:modified_time\" content=\"2026-03-10T17:31:18+00:00\" \/>\n<meta property=\"og:image\" content=\"https:\/\/base.com\/es-AR\/blog\/wp-content\/uploads\/2026\/03\/11211.jpg\" \/>\n\t<meta property=\"og:image:width\" content=\"1000\" \/>\n\t<meta property=\"og:image:height\" content=\"667\" \/>\n\t<meta property=\"og:image:type\" content=\"image\/jpeg\" \/>\n<meta name=\"author\" content=\"Mois\u00e9s\" \/>\n<meta name=\"twitter:card\" content=\"summary_large_image\" \/>\n<meta name=\"twitter:label1\" content=\"Escrito por\" \/>\n\t<meta name=\"twitter:data1\" content=\"Mois\u00e9s\" \/>\n\t<meta name=\"twitter:label2\" content=\"Tiempo de lectura\" \/>\n\t<meta name=\"twitter:data2\" content=\"9 minutos\" \/>\n<script type=\"application\/ld+json\" class=\"yoast-schema-graph\">{\"@context\":\"https:\/\/schema.org\",\"@graph\":[{\"@type\":\"Article\",\"@id\":\"https:\/\/base.com\/es-AR\/blog\/reforma-tributaria-brasil\/#article\",\"isPartOf\":{\"@id\":\"https:\/\/base.com\/es-AR\/blog\/reforma-tributaria-brasil\/\"},\"author\":{\"name\":\"Mois\u00e9s\",\"@id\":\"https:\/\/base.com\/es-AR\/blog\/#\/schema\/person\/a6a97cee3e96d34f7f8e97c1dcc58339\"},\"headline\":\"Reforma tributaria en Brasil y su impacto en tu marketplace\",\"datePublished\":\"2026-03-06T14:03:37+00:00\",\"dateModified\":\"2026-03-10T17:31:18+00:00\",\"mainEntityOfPage\":{\"@id\":\"https:\/\/base.com\/es-AR\/blog\/reforma-tributaria-brasil\/\"},\"wordCount\":1890,\"commentCount\":0,\"publisher\":{\"@id\":\"https:\/\/base.com\/es-AR\/blog\/#organization\"},\"image\":{\"@id\":\"https:\/\/base.com\/es-AR\/blog\/reforma-tributaria-brasil\/#primaryimage\"},\"thumbnailUrl\":\"https:\/\/base.com\/es-AR\/blog\/wp-content\/uploads\/2026\/03\/11211.jpg\",\"articleSection\":[\"Uncategorized\"],\"inLanguage\":\"es-AR\",\"potentialAction\":[{\"@type\":\"CommentAction\",\"name\":\"Comment\",\"target\":[\"https:\/\/base.com\/es-AR\/blog\/reforma-tributaria-brasil\/#respond\"]}]},{\"@type\":\"WebPage\",\"@id\":\"https:\/\/base.com\/es-AR\/blog\/reforma-tributaria-brasil\/\",\"url\":\"https:\/\/base.com\/es-AR\/blog\/reforma-tributaria-brasil\/\",\"name\":\"Reforma tributaria en Brasil y su impacto en tu marketplace\",\"isPartOf\":{\"@id\":\"https:\/\/base.com\/es-AR\/blog\/#website\"},\"primaryImageOfPage\":{\"@id\":\"https:\/\/base.com\/es-AR\/blog\/reforma-tributaria-brasil\/#primaryimage\"},\"image\":{\"@id\":\"https:\/\/base.com\/es-AR\/blog\/reforma-tributaria-brasil\/#primaryimage\"},\"thumbnailUrl\":\"https:\/\/base.com\/es-AR\/blog\/wp-content\/uploads\/2026\/03\/11211.jpg\",\"datePublished\":\"2026-03-06T14:03:37+00:00\",\"dateModified\":\"2026-03-10T17:31:18+00:00\",\"description\":\"Si oper\u00e1s en Brasil o ten\u00e9s proveedores all\u00e1, los nuevos impuestos (IVA brasile\u00f1o) cambian tus costos. Gu\u00eda para due\u00f1os de marketplaces de c\u00f3mo gestionar estos gastos.\",\"breadcrumb\":{\"@id\":\"https:\/\/base.com\/es-AR\/blog\/reforma-tributaria-brasil\/#breadcrumb\"},\"inLanguage\":\"es-AR\",\"potentialAction\":[{\"@type\":\"ReadAction\",\"target\":[\"https:\/\/base.com\/es-AR\/blog\/reforma-tributaria-brasil\/\"]}]},{\"@type\":\"ImageObject\",\"inLanguage\":\"es-AR\",\"@id\":\"https:\/\/base.com\/es-AR\/blog\/reforma-tributaria-brasil\/#primaryimage\",\"url\":\"https:\/\/base.com\/es-AR\/blog\/wp-content\/uploads\/2026\/03\/11211.jpg\",\"contentUrl\":\"https:\/\/base.com\/es-AR\/blog\/wp-content\/uploads\/2026\/03\/11211.jpg\",\"width\":1000,\"height\":667,\"caption\":\"Mujer triste sosteniendo dinero en su mano derecha y la bandera brasile\u00f1a en su izquierda\"},{\"@type\":\"BreadcrumbList\",\"@id\":\"https:\/\/base.com\/es-AR\/blog\/reforma-tributaria-brasil\/#breadcrumb\",\"itemListElement\":[{\"@type\":\"ListItem\",\"position\":1,\"name\":\"base.blog\",\"item\":\"https:\/\/base.com\/es-AR\/blog\/\"},{\"@type\":\"ListItem\",\"position\":2,\"name\":\"Uncategorized\",\"item\":\"https:\/\/base.com\/es-AR\/blog\/category\/uncategorized\/\"},{\"@type\":\"ListItem\",\"position\":3,\"name\":\"Reforma tributaria en Brasil y su impacto en tu marketplace\"}]},{\"@type\":\"WebSite\",\"@id\":\"https:\/\/base.com\/es-AR\/blog\/#website\",\"url\":\"https:\/\/base.com\/es-AR\/blog\/\",\"name\":\"Base Blog\",\"description\":\"Novidades e Atualiza\u00e7\u00f5es da Base e suas integra\u00e7\u00f5es\",\"publisher\":{\"@id\":\"https:\/\/base.com\/es-AR\/blog\/#organization\"},\"potentialAction\":[{\"@type\":\"SearchAction\",\"target\":{\"@type\":\"EntryPoint\",\"urlTemplate\":\"https:\/\/base.com\/es-AR\/blog\/?s={search_term_string}\"},\"query-input\":{\"@type\":\"PropertyValueSpecification\",\"valueRequired\":true,\"valueName\":\"search_term_string\"}}],\"inLanguage\":\"es-AR\"},{\"@type\":\"Organization\",\"@id\":\"https:\/\/base.com\/es-AR\/blog\/#organization\",\"name\":\"Base.com Blog BR\",\"alternateName\":\"Base.com\",\"url\":\"https:\/\/base.com\/es-AR\/blog\/\",\"logo\":{\"@type\":\"ImageObject\",\"inLanguage\":\"es-AR\",\"@id\":\"https:\/\/base.com\/es-AR\/blog\/#\/schema\/logo\/image\/\",\"url\":\"https:\/\/base.com\/pt-BR\/blog\/wp-content\/uploads\/2025\/10\/android-icon-512x512-1-300x300-1.png\",\"contentUrl\":\"https:\/\/base.com\/pt-BR\/blog\/wp-content\/uploads\/2025\/10\/android-icon-512x512-1-300x300-1.png\",\"width\":300,\"height\":300,\"caption\":\"Base.com Blog BR\"},\"image\":{\"@id\":\"https:\/\/base.com\/es-AR\/blog\/#\/schema\/logo\/image\/\"}},{\"@type\":\"Person\",\"@id\":\"https:\/\/base.com\/es-AR\/blog\/#\/schema\/person\/a6a97cee3e96d34f7f8e97c1dcc58339\",\"name\":\"Mois\u00e9s\",\"image\":{\"@type\":\"ImageObject\",\"inLanguage\":\"es-AR\",\"@id\":\"https:\/\/base.com\/es-AR\/blog\/#\/schema\/person\/image\/\",\"url\":\"https:\/\/secure.gravatar.com\/avatar\/d349f27f5a64076ba5ea4390ae9019ad54805b7f7b9b4d74af96f8758149b776?s=96&d=mm&r=g\",\"contentUrl\":\"https:\/\/secure.gravatar.com\/avatar\/d349f27f5a64076ba5ea4390ae9019ad54805b7f7b9b4d74af96f8758149b776?s=96&d=mm&r=g\",\"caption\":\"Mois\u00e9s\"},\"description\":\"Mois\u00e9s Canton \u00e9 Head de Marketing na Base, com mais de 14 anos de experi\u00eancia em Comunica\u00e7\u00e3o, Marketing B2B, Growth e Performance. Lidera a estrat\u00e9gia de marca e aquisi\u00e7\u00e3o da empresa, posicionando a Base como refer\u00eancia em integra\u00e7\u00e3o tecnol\u00f3gica e automa\u00e7\u00e3o inteligente para e-commerces. Seu foco est\u00e1 em impulsionar opera\u00e7\u00f5es escal\u00e1veis, eficientes e orientadas por tecnologia.\",\"url\":\"https:\/\/base.com\/es-AR\/blog\/author\/moises-canton\/\"}]}<\/script>\n<!-- \/ Yoast SEO plugin. -->","yoast_head_json":{"title":"Reforma tributaria en Brasil y su impacto en tu marketplace","description":"Si oper\u00e1s en Brasil o ten\u00e9s proveedores all\u00e1, los nuevos impuestos (IVA brasile\u00f1o) cambian tus costos. Gu\u00eda para due\u00f1os de marketplaces de c\u00f3mo gestionar estos gastos.","robots":{"index":"index","follow":"follow","max-snippet":"max-snippet:-1","max-image-preview":"max-image-preview:large","max-video-preview":"max-video-preview:-1"},"canonical":"https:\/\/base.com\/es-AR\/blog\/reforma-tributaria-brasil\/","og_locale":"es_ES","og_type":"article","og_title":"Reforma tributaria en Brasil y su impacto en tu marketplace","og_description":"Si oper\u00e1s en Brasil o ten\u00e9s proveedores all\u00e1, los nuevos impuestos (IVA brasile\u00f1o) cambian tus costos. Gu\u00eda para due\u00f1os de marketplaces de c\u00f3mo gestionar estos gastos.","og_url":"https:\/\/base.com\/es-AR\/blog\/reforma-tributaria-brasil\/","og_site_name":"Base Blog","article_published_time":"2026-03-06T14:03:37+00:00","article_modified_time":"2026-03-10T17:31:18+00:00","og_image":[{"width":1000,"height":667,"url":"https:\/\/base.com\/es-AR\/blog\/wp-content\/uploads\/2026\/03\/11211.jpg","type":"image\/jpeg"}],"author":"Mois\u00e9s","twitter_card":"summary_large_image","twitter_misc":{"Escrito por":"Mois\u00e9s","Tiempo de lectura":"9 minutos"},"schema":{"@context":"https:\/\/schema.org","@graph":[{"@type":"Article","@id":"https:\/\/base.com\/es-AR\/blog\/reforma-tributaria-brasil\/#article","isPartOf":{"@id":"https:\/\/base.com\/es-AR\/blog\/reforma-tributaria-brasil\/"},"author":{"name":"Mois\u00e9s","@id":"https:\/\/base.com\/es-AR\/blog\/#\/schema\/person\/a6a97cee3e96d34f7f8e97c1dcc58339"},"headline":"Reforma tributaria en Brasil y su impacto en tu marketplace","datePublished":"2026-03-06T14:03:37+00:00","dateModified":"2026-03-10T17:31:18+00:00","mainEntityOfPage":{"@id":"https:\/\/base.com\/es-AR\/blog\/reforma-tributaria-brasil\/"},"wordCount":1890,"commentCount":0,"publisher":{"@id":"https:\/\/base.com\/es-AR\/blog\/#organization"},"image":{"@id":"https:\/\/base.com\/es-AR\/blog\/reforma-tributaria-brasil\/#primaryimage"},"thumbnailUrl":"https:\/\/base.com\/es-AR\/blog\/wp-content\/uploads\/2026\/03\/11211.jpg","articleSection":["Uncategorized"],"inLanguage":"es-AR","potentialAction":[{"@type":"CommentAction","name":"Comment","target":["https:\/\/base.com\/es-AR\/blog\/reforma-tributaria-brasil\/#respond"]}]},{"@type":"WebPage","@id":"https:\/\/base.com\/es-AR\/blog\/reforma-tributaria-brasil\/","url":"https:\/\/base.com\/es-AR\/blog\/reforma-tributaria-brasil\/","name":"Reforma tributaria en Brasil y su impacto en tu marketplace","isPartOf":{"@id":"https:\/\/base.com\/es-AR\/blog\/#website"},"primaryImageOfPage":{"@id":"https:\/\/base.com\/es-AR\/blog\/reforma-tributaria-brasil\/#primaryimage"},"image":{"@id":"https:\/\/base.com\/es-AR\/blog\/reforma-tributaria-brasil\/#primaryimage"},"thumbnailUrl":"https:\/\/base.com\/es-AR\/blog\/wp-content\/uploads\/2026\/03\/11211.jpg","datePublished":"2026-03-06T14:03:37+00:00","dateModified":"2026-03-10T17:31:18+00:00","description":"Si oper\u00e1s en Brasil o ten\u00e9s proveedores all\u00e1, los nuevos impuestos (IVA brasile\u00f1o) cambian tus costos. Gu\u00eda para due\u00f1os de marketplaces de c\u00f3mo gestionar estos gastos.","breadcrumb":{"@id":"https:\/\/base.com\/es-AR\/blog\/reforma-tributaria-brasil\/#breadcrumb"},"inLanguage":"es-AR","potentialAction":[{"@type":"ReadAction","target":["https:\/\/base.com\/es-AR\/blog\/reforma-tributaria-brasil\/"]}]},{"@type":"ImageObject","inLanguage":"es-AR","@id":"https:\/\/base.com\/es-AR\/blog\/reforma-tributaria-brasil\/#primaryimage","url":"https:\/\/base.com\/es-AR\/blog\/wp-content\/uploads\/2026\/03\/11211.jpg","contentUrl":"https:\/\/base.com\/es-AR\/blog\/wp-content\/uploads\/2026\/03\/11211.jpg","width":1000,"height":667,"caption":"Mujer triste sosteniendo dinero en su mano derecha y la bandera brasile\u00f1a en su izquierda"},{"@type":"BreadcrumbList","@id":"https:\/\/base.com\/es-AR\/blog\/reforma-tributaria-brasil\/#breadcrumb","itemListElement":[{"@type":"ListItem","position":1,"name":"base.blog","item":"https:\/\/base.com\/es-AR\/blog\/"},{"@type":"ListItem","position":2,"name":"Uncategorized","item":"https:\/\/base.com\/es-AR\/blog\/category\/uncategorized\/"},{"@type":"ListItem","position":3,"name":"Reforma tributaria en Brasil y su impacto en tu marketplace"}]},{"@type":"WebSite","@id":"https:\/\/base.com\/es-AR\/blog\/#website","url":"https:\/\/base.com\/es-AR\/blog\/","name":"Base Blog","description":"Novidades e Atualiza\u00e7\u00f5es da Base e suas integra\u00e7\u00f5es","publisher":{"@id":"https:\/\/base.com\/es-AR\/blog\/#organization"},"potentialAction":[{"@type":"SearchAction","target":{"@type":"EntryPoint","urlTemplate":"https:\/\/base.com\/es-AR\/blog\/?s={search_term_string}"},"query-input":{"@type":"PropertyValueSpecification","valueRequired":true,"valueName":"search_term_string"}}],"inLanguage":"es-AR"},{"@type":"Organization","@id":"https:\/\/base.com\/es-AR\/blog\/#organization","name":"Base.com Blog BR","alternateName":"Base.com","url":"https:\/\/base.com\/es-AR\/blog\/","logo":{"@type":"ImageObject","inLanguage":"es-AR","@id":"https:\/\/base.com\/es-AR\/blog\/#\/schema\/logo\/image\/","url":"https:\/\/base.com\/pt-BR\/blog\/wp-content\/uploads\/2025\/10\/android-icon-512x512-1-300x300-1.png","contentUrl":"https:\/\/base.com\/pt-BR\/blog\/wp-content\/uploads\/2025\/10\/android-icon-512x512-1-300x300-1.png","width":300,"height":300,"caption":"Base.com Blog BR"},"image":{"@id":"https:\/\/base.com\/es-AR\/blog\/#\/schema\/logo\/image\/"}},{"@type":"Person","@id":"https:\/\/base.com\/es-AR\/blog\/#\/schema\/person\/a6a97cee3e96d34f7f8e97c1dcc58339","name":"Mois\u00e9s","image":{"@type":"ImageObject","inLanguage":"es-AR","@id":"https:\/\/base.com\/es-AR\/blog\/#\/schema\/person\/image\/","url":"https:\/\/secure.gravatar.com\/avatar\/d349f27f5a64076ba5ea4390ae9019ad54805b7f7b9b4d74af96f8758149b776?s=96&d=mm&r=g","contentUrl":"https:\/\/secure.gravatar.com\/avatar\/d349f27f5a64076ba5ea4390ae9019ad54805b7f7b9b4d74af96f8758149b776?s=96&d=mm&r=g","caption":"Mois\u00e9s"},"description":"Mois\u00e9s Canton \u00e9 Head de Marketing na Base, com mais de 14 anos de experi\u00eancia em Comunica\u00e7\u00e3o, Marketing B2B, Growth e Performance. Lidera a estrat\u00e9gia de marca e aquisi\u00e7\u00e3o da empresa, posicionando a Base como refer\u00eancia em integra\u00e7\u00e3o tecnol\u00f3gica e automa\u00e7\u00e3o inteligente para e-commerces. Seu foco est\u00e1 em impulsionar opera\u00e7\u00f5es escal\u00e1veis, eficientes e orientadas por tecnologia.","url":"https:\/\/base.com\/es-AR\/blog\/author\/moises-canton\/"}]}},"views":229,"_links":{"self":[{"href":"https:\/\/base.com\/es-AR\/blog\/wp-json\/wp\/v2\/posts\/18265","targetHints":{"allow":["GET"]}}],"collection":[{"href":"https:\/\/base.com\/es-AR\/blog\/wp-json\/wp\/v2\/posts"}],"about":[{"href":"https:\/\/base.com\/es-AR\/blog\/wp-json\/wp\/v2\/types\/post"}],"author":[{"embeddable":true,"href":"https:\/\/base.com\/es-AR\/blog\/wp-json\/wp\/v2\/users\/101"}],"replies":[{"embeddable":true,"href":"https:\/\/base.com\/es-AR\/blog\/wp-json\/wp\/v2\/comments?post=18265"}],"version-history":[{"count":1,"href":"https:\/\/base.com\/es-AR\/blog\/wp-json\/wp\/v2\/posts\/18265\/revisions"}],"predecessor-version":[{"id":18267,"href":"https:\/\/base.com\/es-AR\/blog\/wp-json\/wp\/v2\/posts\/18265\/revisions\/18267"}],"wp:featuredmedia":[{"embeddable":true,"href":"https:\/\/base.com\/es-AR\/blog\/wp-json\/wp\/v2\/media\/18266"}],"wp:attachment":[{"href":"https:\/\/base.com\/es-AR\/blog\/wp-json\/wp\/v2\/media?parent=18265"}],"wp:term":[{"taxonomy":"category","embeddable":true,"href":"https:\/\/base.com\/es-AR\/blog\/wp-json\/wp\/v2\/categories?post=18265"},{"taxonomy":"post_tag","embeddable":true,"href":"https:\/\/base.com\/es-AR\/blog\/wp-json\/wp\/v2\/tags?post=18265"},{"taxonomy":"authors","embeddable":true,"href":"https:\/\/base.com\/es-AR\/blog\/wp-json\/wp\/v2\/authors?post=18265"}],"curies":[{"name":"wp","href":"https:\/\/api.w.org\/{rel}","templated":true}]}}