{"id":18540,"date":"2026-09-04T22:44:38","date_gmt":"2026-09-05T01:44:38","guid":{"rendered":"https:\/\/base.com\/es-AR\/blog\/?p=18540"},"modified":"2026-09-04T22:44:40","modified_gmt":"2026-09-05T01:44:40","slug":"indumentaria-de-talle-especial","status":"publish","type":"post","link":"https:\/\/base.com\/es-AR\/blog\/indumentaria-de-talle-especial\/","title":{"rendered":"Indumentaria de talle especial: c\u00f3mo vender en marketplace sin quedarte con stock parado"},"content":{"rendered":"<div id=\"ez-toc-container\" class=\"ez-toc-v2_0_81 counter-hierarchy ez-toc-counter ez-toc-grey ez-toc-container-direction\">\n<div class=\"ez-toc-title-container\">\n<p class=\"ez-toc-title\" style=\"cursor:inherit\">\u00cdndice<\/p>\n<span class=\"ez-toc-title-toggle\"><a href=\"#\" class=\"ez-toc-pull-right ez-toc-btn ez-toc-btn-xs ez-toc-btn-default ez-toc-toggle\" aria-label=\"Toggle Table of Content\"><span class=\"ez-toc-js-icon-con\"><span class=\"\"><span class=\"eztoc-hide\" style=\"display:none;\">Toggle<\/span><span class=\"ez-toc-icon-toggle-span\"><svg style=\"fill: #999;color:#999\" xmlns=\"http:\/\/www.w3.org\/2000\/svg\" class=\"list-377408\" width=\"20px\" height=\"20px\" viewBox=\"0 0 24 24\" fill=\"none\"><path d=\"M6 6H4v2h2V6zm14 0H8v2h12V6zM4 11h2v2H4v-2zm16 0H8v2h12v-2zM4 16h2v2H4v-2zm16 0H8v2h12v-2z\" fill=\"currentColor\"><\/path><\/svg><svg style=\"fill: #999;color:#999\" class=\"arrow-unsorted-368013\" xmlns=\"http:\/\/www.w3.org\/2000\/svg\" width=\"10px\" height=\"10px\" viewBox=\"0 0 24 24\" version=\"1.2\" baseProfile=\"tiny\"><path d=\"M18.2 9.3l-6.2-6.3-6.2 6.3c-.2.2-.3.4-.3.7s.1.5.3.7c.2.2.4.3.7.3h11c.3 0 .5-.1.7-.3.2-.2.3-.5.3-.7s-.1-.5-.3-.7zM5.8 14.7l6.2 6.3 6.2-6.3c.2-.2.3-.5.3-.7s-.1-.5-.3-.7c-.2-.2-.4-.3-.7-.3h-11c-.3 0-.5.1-.7.3-.2.2-.3.5-.3.7s.1.5.3.7z\"\/><\/svg><\/span><\/span><\/span><\/a><\/span><\/div>\n<nav><ul class='ez-toc-list ez-toc-list-level-1 ' ><li class='ez-toc-page-1 ez-toc-heading-level-2'><a class=\"ez-toc-link ez-toc-heading-1\" href=\"https:\/\/base.com\/es-AR\/blog\/indumentaria-de-talle-especial\/#Por_que_el_talle_especial_es_un_nicho_con_demanda_insatisfecha\" >Por qu\u00e9 el talle especial es un nicho con demanda insatisfecha<\/a><\/li><li class='ez-toc-page-1 ez-toc-heading-level-2'><a class=\"ez-toc-link ez-toc-heading-2\" href=\"https:\/\/base.com\/es-AR\/blog\/indumentaria-de-talle-especial\/#Como_estructurar_las_variaciones_de_talle_para_que_la_busqueda_funcione\" >C\u00f3mo estructurar las variaciones de talle para que la b\u00fasqueda funcione<\/a><\/li><li class='ez-toc-page-1 ez-toc-heading-level-2'><a class=\"ez-toc-link ez-toc-heading-3\" href=\"https:\/\/base.com\/es-AR\/blog\/indumentaria-de-talle-especial\/#Planificar_la_compra_por_talle_con_datos_y_no_con_esperanza\" >Planificar la compra por talle con datos y no con esperanza<\/a><\/li><li class='ez-toc-page-1 ez-toc-heading-level-2'><a class=\"ez-toc-link ez-toc-heading-4\" href=\"https:\/\/base.com\/es-AR\/blog\/indumentaria-de-talle-especial\/#Ficha_medidas_e_imagenes_la_confianza_que_baja_las_devoluciones\" >Ficha, medidas e im\u00e1genes: la confianza que baja las devoluciones<\/a><\/li><li class='ez-toc-page-1 ez-toc-heading-level-2'><a class=\"ez-toc-link ez-toc-heading-5\" href=\"https:\/\/base.com\/es-AR\/blog\/indumentaria-de-talle-especial\/#Gestionar_variaciones_complejas_sin_duplicar_el_trabajo_de_catalogo\" >Gestionar variaciones complejas sin duplicar el trabajo de cat\u00e1logo<\/a><\/li><li class='ez-toc-page-1 ez-toc-heading-level-2'><a class=\"ez-toc-link ez-toc-heading-6\" href=\"https:\/\/base.com\/es-AR\/blog\/indumentaria-de-talle-especial\/#Converti_la_demanda_de_talle_especial_en_una_operacion_rentable\" >Convert\u00ed la demanda de talle especial en una operaci\u00f3n rentable<\/a><\/li><\/ul><\/nav><\/div>\n\n<p class=\"wp-block-paragraph\">Vender indumentaria de talle especial en marketplaces argentinos exige resolver tres frentes a la vez: estructurar las variaciones de talle para que la b\u00fasqueda funcione, planificar la compra de stock por talle con datos hist\u00f3ricos y construir fichas que generen confianza para bajar la tasa de devoluci\u00f3n.&nbsp;<\/p>\n\n\n\n<p class=\"wp-block-paragraph\"><strong>El nicho tiene demanda real y una oferta que todav\u00eda no la cubre.<\/strong> En Argentina, distintos relevamientos indican que alrededor de siete de cada diez personas tienen problemas para conseguir ropa y calzado de su talle, una brecha que la ley de talles visibiliz\u00f3 pero que el mercado a\u00fan no cerr\u00f3.<\/p>\n\n\n\n<p class=\"wp-block-paragraph\">Esa brecha es la oportunidad y tambi\u00e9n el riesgo. <strong>En talle especial, el stockeo mal calculado duele m\u00e1s que en cualquier categor\u00eda.<\/strong> Una curva de talles mal comprada deja capital inmovilizado en los extremos de la curva mientras se agotan los talles centrales. En esta gu\u00eda te mostramos c\u00f3mo estructurar la operaci\u00f3n para capturar la demanda sin fundirte en el intento.<\/p>\n\n\n\n<h2 class=\"wp-block-heading\"><span class=\"ez-toc-section\" id=\"Por_que_el_talle_especial_es_un_nicho_con_demanda_insatisfecha\"><\/span><strong>Por qu\u00e9 el talle especial es un nicho con demanda insatisfecha<\/strong><span class=\"ez-toc-section-end\"><\/span><\/h2>\n\n\n\n<p class=\"wp-block-paragraph\">La demanda existe y est\u00e1 documentada. La ley 27.521 cre\u00f3 el Sistema \u00danico Normalizado de Identificaci\u00f3n de Talles (SUNITI) justamente porque una parte enorme de la poblaci\u00f3n no encontraba su talle en la oferta comercial.&nbsp;<\/p>\n\n\n\n<p class=\"wp-block-paragraph\">La norma estandariza la identificaci\u00f3n de talles y obliga a exhibir la tabla de medidas corporales en la venta electr\u00f3nica, pero no obliga a los comercios a ofrecer todos los talles. <strong>La ley normaliz\u00f3 la identificaci\u00f3n, no resolvi\u00f3 la escasez de oferta.<\/strong> Ese vac\u00edo entre demanda comprobada y oferta limitada es la definici\u00f3n exacta de un nicho atractivo.<\/p>\n\n\n\n<p class=\"wp-block-paragraph\">Para el seller, la lectura estrat\u00e9gica tiene dos capas. La primera es de volumen: un p\u00fablico grande sistem\u00e1ticamente mal atendido compra donde encuentra, con menos sensibilidad al precio y m\u00e1s lealtad a quien le resuelve el problema.&nbsp;<\/p>\n\n\n\n<p class=\"wp-block-paragraph\">La segunda es de reputaci\u00f3n: en un nicho con poca oferta especializada, el vendedor que hace bien las cosas concentra las calificaciones positivas de la categor\u00eda. <strong>El cliente de talle especial recompensa con recompra a quien le acierta.<\/strong> Esa recompra es la que convierte el nicho en negocio, un patr\u00f3n que se repite en todo el sector de la <a href=\"https:\/\/base.com\/es-AR\/industria\/moda\/\">moda en e-commerce<\/a>.<\/p>\n\n\n\n<h2 class=\"wp-block-heading\"><span class=\"ez-toc-section\" id=\"Como_estructurar_las_variaciones_de_talle_para_que_la_busqueda_funcione\"><\/span><strong>C\u00f3mo estructurar las variaciones de talle para que la b\u00fasqueda funcione<\/strong><span class=\"ez-toc-section-end\"><\/span><\/h2>\n\n\n\n<p class=\"wp-block-paragraph\">El error t\u00e9cnico m\u00e1s com\u00fan del nicho es la fragmentaci\u00f3n del cat\u00e1logo: publicar cada talle como una publicaci\u00f3n separada. Eso divide el historial de ventas, las visitas y las calificaciones entre varias publicaciones d\u00e9biles, en lugar de concentrarlos en una sola publicaci\u00f3n fuerte que posicione bien. <strong>Una publicaci\u00f3n con variaciones acumula la fuerza que diez publicaciones dispersas reparten.<\/strong> Mercado Libre est\u00e1 dise\u00f1ado para que el talle sea una variaci\u00f3n dentro de la publicaci\u00f3n, con stock y fotos propias por variante.<\/p>\n\n\n\n<p class=\"wp-block-paragraph\">La estructura correcta sigue reglas simples. Una publicaci\u00f3n por modelo y color con todos los talles como variaciones, cada variaci\u00f3n con su stock real sincronizado, y el talle expresado seg\u00fan la nomenclatura estandarizada para que los filtros de b\u00fasqueda lo encuentren. Los t\u00edtulos no llevan el talle: llevan el producto, el g\u00e9nero y los atributos que la gente busca, siguiendo la l\u00f3gica que desarrollamos en la gu\u00eda sobre <a href=\"https:\/\/base.com\/es-AR\/blog\/como-optimizar-titulos-de-productos-para-vender-mas\/\">c\u00f3mo optimizar t\u00edtulos de productos<\/a>. <strong>El talle vive en la variaci\u00f3n y en la ficha, nunca en el t\u00edtulo.<\/strong><\/p>\n\n\n\n<p class=\"wp-block-paragraph\">La ficha t\u00e9cnica completa cierra el circuito de visibilidad. La categor\u00eda exige gu\u00eda de talles cargada, y cada campo de la ficha alimenta los filtros con los que el comprador de talle especial busca con precisi\u00f3n quir\u00fargica. <strong>En este nicho, los filtros de b\u00fasqueda son la g\u00f3ndola principal.<\/strong> Una ficha incompleta te deja fuera de la b\u00fasqueda filtrada, que es exactamente donde est\u00e1 tu cliente.<\/p>\n\n\n\n<h2 class=\"wp-block-heading\"><span class=\"ez-toc-section\" id=\"Planificar_la_compra_por_talle_con_datos_y_no_con_esperanza\"><\/span><strong>Planificar la compra por talle con datos y no con esperanza<\/strong><span class=\"ez-toc-section-end\"><\/span><\/h2>\n\n\n\n<p class=\"wp-block-paragraph\">La curva de talles es la decisi\u00f3n financiera central del nicho. Comprar la misma cantidad de cada talle parece prudente y es el error m\u00e1s caro: la demanda por talle no es uniforme, y cada categor\u00eda y cada p\u00fablico tienen su propia distribuci\u00f3n. <strong>La curva de compra debe copiar la curva de venta hist\u00f3rica, no la intuici\u00f3n.<\/strong> Los datos de tus propias ventas por variaci\u00f3n, acumulados aunque sea por pocos meses, valen m\u00e1s que cualquier tabla gen\u00e9rica del proveedor.<\/p>\n\n\n\n<p class=\"wp-block-paragraph\">Estos criterios ayudan a armar la curva sin ahogar capital:<\/p>\n\n\n\n<ul class=\"wp-block-list\">\n<li><strong>Historial de venta por talle y por modelo.<\/strong> Analiz\u00e1 qu\u00e9 porcentaje de las ventas concentr\u00f3 cada talle en los \u00faltimos ciclos. Esa distribuci\u00f3n es tu base de compra, ajustada por tendencia.<\/li>\n\n\n\n<li><strong>Rotaci\u00f3n diferencial por extremo de curva.<\/strong> Los talles de los extremos suelen rotar m\u00e1s lento pero con menos competencia y mejor margen. Acept\u00e1 una rotaci\u00f3n menor planificada en lugar de sufrirla como sorpresa.<\/li>\n\n\n\n<li><strong>Reposici\u00f3n escalonada.<\/strong> Compr\u00e1 la curva inicial conservadora y repon\u00e9 por talle seg\u00fan venta real. El proveedor que acepta reposiciones parciales vale m\u00e1s que el que exige curvas cerradas.<\/li>\n\n\n\n<li><strong>Stock de seguridad por variaci\u00f3n.<\/strong> El quiebre de un talle central pausa la variaci\u00f3n y degrada la publicaci\u00f3n completa. Defin\u00ed colchones m\u00ednimos para los talles que concentran la venta.<\/li>\n<\/ul>\n\n\n\n<p class=\"wp-block-paragraph\">La tabla resume el enfoque de compra seg\u00fan el tipo de talle. Los porcentajes son ilustrativos y cambian por categor\u00eda, p\u00fablico y regi\u00f3n: constru\u00ed los tuyos con datos propios.<\/p>\n\n\n\n<figure class=\"wp-block-table\"><table class=\"has-fixed-layout\"><thead><tr><th><strong>Segmento de la curva<\/strong><\/th><th><strong>Enfoque de compra<\/strong><\/th><th><strong>Riesgo a controlar<\/strong><\/th><\/tr><\/thead><tbody><tr><td>Talles centrales del nicho<\/td><td>Volumen seg\u00fan hist\u00f3rico + stock de seguridad<\/td><td>Quiebre en plena demanda<\/td><\/tr><tr><td>Extremos de la curva<\/td><td>Compra conservadora con reposici\u00f3n \u00e1gil<\/td><td>Capital inmovilizado<\/td><\/tr><tr><td>Talles nuevos sin historial<\/td><td>Lote m\u00ednimo de prueba<\/td><td>Proyectar sin evidencia<\/td><\/tr><\/tbody><\/table><\/figure>\n\n\n\n<p class=\"wp-block-paragraph\">Nota: la distribuci\u00f3n real de demanda por talle var\u00eda por producto y temporada; valid\u00e1 cada curva con tus datos de venta antes de escalar la compra.<\/p>\n\n\n\n<h2 class=\"wp-block-heading\"><span class=\"ez-toc-section\" id=\"Ficha_medidas_e_imagenes_la_confianza_que_baja_las_devoluciones\"><\/span><strong>Ficha, medidas e im\u00e1genes: la confianza que baja las devoluciones<\/strong><span class=\"ez-toc-section-end\"><\/span><\/h2>\n\n\n\n<p class=\"wp-block-paragraph\">La categor\u00eda de indumentaria arrastra tasas de devoluci\u00f3n m\u00e1s altas que el promedio, y en talle especial el riesgo se amplifica porque el comprador ya viene de experiencias frustrantes con talles inconsistentes. La herramienta contra eso es la informaci\u00f3n: una tabla de medidas propia, en cent\u00edmetros y por talle, medida sobre la prenda real y no copiada del proveedor. <strong>La tabla de medidas precisa es tu mejor pol\u00edtica antidevoluciones.<\/strong> El comprador que puede medirse y comparar compra con certeza, y la certeza no se devuelve.<\/p>\n\n\n\n<p class=\"wp-block-paragraph\">Las im\u00e1genes completan la confianza. Fotos sobre modelos representativos del p\u00fablico real del producto, en varios talles cuando es posible, comunican m\u00e1s que cualquier descripci\u00f3n y reducen la brecha entre expectativa y realidad. <strong>El cliente necesita verse en la foto para confiar en la prenda.<\/strong> Sumar en la descripci\u00f3n el talle que usa cada modelo y sus medidas de referencia es un detalle de bajo costo y alto impacto en conversi\u00f3n.<\/p>\n\n\n\n<p class=\"wp-block-paragraph\">Aun con todo bien hecho, este nicho convive con cambios y devoluciones por calce. La diferencia est\u00e1 en tratarlos como proceso: pol\u00edtica de cambios clara y visible en la publicaci\u00f3n, respuesta r\u00e1pida al primer mensaje y log\u00edstica de cambio \u00e1gil. <strong>Un cambio de talle bien resuelto crea un cliente recurrente.<\/strong> El costo de ese cambio es la inversi\u00f3n de retenci\u00f3n m\u00e1s barata del nicho.<\/p>\n\n\n\n<h2 class=\"wp-block-heading\"><span class=\"ez-toc-section\" id=\"Gestionar_variaciones_complejas_sin_duplicar_el_trabajo_de_catalogo\"><\/span><strong>Gestionar variaciones complejas sin duplicar el trabajo de cat\u00e1logo<\/strong><span class=\"ez-toc-section-end\"><\/span><\/h2>\n\n\n\n<p class=\"wp-block-paragraph\">El costo oculto del nicho es administrativo. Cada modelo multiplica variaciones por talle y color, cada variaci\u00f3n tiene su stock, su c\u00f3digo y sus fotos, y todo eso debe mantenerse consistente en cada canal donde vendas. A mano, ese trabajo escala hasta devorar las horas del equipo. <strong>En talle especial, el cat\u00e1logo es la operaci\u00f3n m\u00e1s pesada del negocio.<\/strong><\/p>\n\n\n\n<p class=\"wp-block-paragraph\">Un PIM resuelve exactamente ese problema. El <a href=\"https:\/\/base.com\/es-AR\/funcionalidades\/administrador-de-productos\/\">administrador de productos de Base<\/a> funciona como cat\u00e1logo maestro donde cada producto se carga una sola vez con toda su matriz de talles, colores, medidas, c\u00f3digos y fotos por variaci\u00f3n, y desde ah\u00ed se publica a todos los canales sin retipear nada. El stock de cada variaci\u00f3n se sincroniza en tiempo real, as\u00ed el quiebre de un talle en un canal no se convierte en una venta cancelada en otro. <strong>La matriz de variaciones se administra una vez y se replica en todos lados.<\/strong> Para cat\u00e1logos grandes, la <a href=\"https:\/\/base.com\/es-AR\/funcionalidades\/ia\/\">IA para e-commerce de Base<\/a> acelera la edici\u00f3n masiva de descripciones y atributos, con revisi\u00f3n humana antes de publicar.<\/p>\n\n\n\n<p class=\"wp-block-paragraph\">El resultado es una operaci\u00f3n donde crecer en modelos no significa crecer en caos. Cada temporada nueva hereda la estructura de la anterior, y el equipo dedica su tiempo a decidir la curva de compra en lugar de copiar y pegar fichas. <strong>El orden del cat\u00e1logo es lo que permite escalar el nicho.<\/strong><\/p>\n\n\n\n<h2 class=\"wp-block-heading\"><span class=\"ez-toc-section\" id=\"Converti_la_demanda_de_talle_especial_en_una_operacion_rentable\"><\/span><strong>Convert\u00ed la demanda de talle especial en una operaci\u00f3n rentable<\/strong><span class=\"ez-toc-section-end\"><\/span><\/h2>\n\n\n\n<p class=\"wp-block-paragraph\">El talle especial premia al vendedor que combina datos de compra, fichas confiables y un cat\u00e1logo de variaciones bien administrado, y castiga la improvisaci\u00f3n con stock parado y devoluciones. <strong>Nosotros te damos el PIM para gestionar esa complejidad sin duplicar trabajo.<\/strong> Variaciones, medidas, stock y publicaciones sincronizadas en todos tus canales desde un solo lugar.<\/p>\n\n\n\n<p class=\"wp-block-paragraph\"><strong>Gestion\u00e1 tu curva de talles con datos y sin caos de cat\u00e1logo.<\/strong> Centraliz\u00e1 variaciones, stock y publicaciones multicanal con <a href=\"https:\/\/base.com\/es-AR\/home\/\">Base<\/a>.<\/p>\n","protected":false},"excerpt":{"rendered":"<p>Vender indumentaria de talle especial en marketplaces argentinos exige resolver tres frentes a la vez: estructurar las variaciones de talle para que la b\u00fasqueda funcione, planificar la compra de stock por talle con datos hist\u00f3ricos y construir fichas que generen confianza para bajar la tasa de devoluci\u00f3n.&nbsp; El nicho tiene demanda real y una oferta [&hellip;]<\/p>\n","protected":false},"author":101,"featured_media":18541,"comment_status":"open","ping_status":"open","sticky":false,"template":"","format":"standard","meta":{"_acf_changed":false,"footnotes":""},"categories":[761],"tags":[],"authors":[],"class_list":["post-18540","post","type-post","status-publish","format-standard","has-post-thumbnail","hentry","category-e-commerce"],"acf":[],"yoast_head":"<!-- This site is optimized with the Yoast SEO plugin v27.0 - https:\/\/yoast.com\/product\/yoast-seo-wordpress\/ -->\n<title>Indumentaria de talle especial: c\u00f3mo vender en marketplace sin quedarte con stock parado<\/title>\n<meta name=\"description\" content=\"La demanda de talle especial crece en Argentina, pero el riesgo de stockeo mal calculado tambi\u00e9n. Mir\u00e1 c\u00f3mo estructurar variaciones, planificar compras y posicionarte en un nicho con demanda real.\" \/>\n<meta name=\"robots\" content=\"index, follow, max-snippet:-1, max-image-preview:large, max-video-preview:-1\" \/>\n<link rel=\"canonical\" href=\"https:\/\/base.com\/es-AR\/blog\/indumentaria-de-talle-especial\/\" \/>\n<meta property=\"og:locale\" content=\"es_ES\" \/>\n<meta property=\"og:type\" content=\"article\" \/>\n<meta property=\"og:title\" content=\"Indumentaria de talle especial: c\u00f3mo vender en marketplace sin quedarte con stock parado\" \/>\n<meta property=\"og:description\" content=\"La demanda de talle especial crece en Argentina, pero el riesgo de stockeo mal calculado tambi\u00e9n. Mir\u00e1 c\u00f3mo estructurar variaciones, planificar compras y posicionarte en un nicho con demanda real.\" \/>\n<meta property=\"og:url\" content=\"https:\/\/base.com\/es-AR\/blog\/indumentaria-de-talle-especial\/\" \/>\n<meta property=\"og:site_name\" content=\"Base Blog\" \/>\n<meta property=\"article:published_time\" content=\"2026-09-05T01:44:38+00:00\" \/>\n<meta property=\"article:modified_time\" content=\"2026-09-05T01:44:40+00:00\" \/>\n<meta property=\"og:image\" content=\"https:\/\/base.com\/es-AR\/blog\/wp-content\/uploads\/2026\/09\/unnamed-8.jpg\" \/>\n\t<meta property=\"og:image:width\" content=\"512\" \/>\n\t<meta property=\"og:image:height\" content=\"286\" \/>\n\t<meta property=\"og:image:type\" content=\"image\/jpeg\" \/>\n<meta name=\"author\" content=\"Mois\u00e9s\" \/>\n<meta name=\"twitter:card\" content=\"summary_large_image\" \/>\n<meta name=\"twitter:label1\" content=\"Escrito por\" \/>\n\t<meta name=\"twitter:data1\" content=\"Mois\u00e9s\" \/>\n\t<meta name=\"twitter:label2\" content=\"Tiempo de lectura\" \/>\n\t<meta name=\"twitter:data2\" content=\"7 minutos\" \/>\n<script type=\"application\/ld+json\" class=\"yoast-schema-graph\">{\"@context\":\"https:\/\/schema.org\",\"@graph\":[{\"@type\":\"Article\",\"@id\":\"https:\/\/base.com\/es-AR\/blog\/indumentaria-de-talle-especial\/#article\",\"isPartOf\":{\"@id\":\"https:\/\/base.com\/es-AR\/blog\/indumentaria-de-talle-especial\/\"},\"author\":{\"name\":\"Mois\u00e9s\",\"@id\":\"https:\/\/base.com\/es-AR\/blog\/#\/schema\/person\/a6a97cee3e96d34f7f8e97c1dcc58339\"},\"headline\":\"Indumentaria de talle especial: c\u00f3mo vender en marketplace sin quedarte con stock parado\",\"datePublished\":\"2026-09-05T01:44:38+00:00\",\"dateModified\":\"2026-09-05T01:44:40+00:00\",\"mainEntityOfPage\":{\"@id\":\"https:\/\/base.com\/es-AR\/blog\/indumentaria-de-talle-especial\/\"},\"wordCount\":1622,\"commentCount\":0,\"publisher\":{\"@id\":\"https:\/\/base.com\/es-AR\/blog\/#organization\"},\"image\":{\"@id\":\"https:\/\/base.com\/es-AR\/blog\/indumentaria-de-talle-especial\/#primaryimage\"},\"thumbnailUrl\":\"https:\/\/base.com\/es-AR\/blog\/wp-content\/uploads\/2026\/09\/unnamed-8.jpg\",\"articleSection\":[\"E-commerce\"],\"inLanguage\":\"es-AR\",\"potentialAction\":[{\"@type\":\"CommentAction\",\"name\":\"Comment\",\"target\":[\"https:\/\/base.com\/es-AR\/blog\/indumentaria-de-talle-especial\/#respond\"]}]},{\"@type\":\"WebPage\",\"@id\":\"https:\/\/base.com\/es-AR\/blog\/indumentaria-de-talle-especial\/\",\"url\":\"https:\/\/base.com\/es-AR\/blog\/indumentaria-de-talle-especial\/\",\"name\":\"Indumentaria de talle especial: c\u00f3mo vender en marketplace sin quedarte con stock parado\",\"isPartOf\":{\"@id\":\"https:\/\/base.com\/es-AR\/blog\/#website\"},\"primaryImageOfPage\":{\"@id\":\"https:\/\/base.com\/es-AR\/blog\/indumentaria-de-talle-especial\/#primaryimage\"},\"image\":{\"@id\":\"https:\/\/base.com\/es-AR\/blog\/indumentaria-de-talle-especial\/#primaryimage\"},\"thumbnailUrl\":\"https:\/\/base.com\/es-AR\/blog\/wp-content\/uploads\/2026\/09\/unnamed-8.jpg\",\"datePublished\":\"2026-09-05T01:44:38+00:00\",\"dateModified\":\"2026-09-05T01:44:40+00:00\",\"description\":\"La demanda de talle especial crece en Argentina, pero el riesgo de stockeo mal calculado tambi\u00e9n. Mir\u00e1 c\u00f3mo estructurar variaciones, planificar compras y posicionarte en un nicho con demanda real.\",\"breadcrumb\":{\"@id\":\"https:\/\/base.com\/es-AR\/blog\/indumentaria-de-talle-especial\/#breadcrumb\"},\"inLanguage\":\"es-AR\",\"potentialAction\":[{\"@type\":\"ReadAction\",\"target\":[\"https:\/\/base.com\/es-AR\/blog\/indumentaria-de-talle-especial\/\"]}]},{\"@type\":\"ImageObject\",\"inLanguage\":\"es-AR\",\"@id\":\"https:\/\/base.com\/es-AR\/blog\/indumentaria-de-talle-especial\/#primaryimage\",\"url\":\"https:\/\/base.com\/es-AR\/blog\/wp-content\/uploads\/2026\/09\/unnamed-8.jpg\",\"contentUrl\":\"https:\/\/base.com\/es-AR\/blog\/wp-content\/uploads\/2026\/09\/unnamed-8.jpg\",\"width\":512,\"height\":286},{\"@type\":\"BreadcrumbList\",\"@id\":\"https:\/\/base.com\/es-AR\/blog\/indumentaria-de-talle-especial\/#breadcrumb\",\"itemListElement\":[{\"@type\":\"ListItem\",\"position\":1,\"name\":\"base.blog\",\"item\":\"https:\/\/base.com\/es-AR\/blog\/\"},{\"@type\":\"ListItem\",\"position\":2,\"name\":\"E-commerce\",\"item\":\"https:\/\/base.com\/es-AR\/blog\/category\/e-commerce\/\"},{\"@type\":\"ListItem\",\"position\":3,\"name\":\"Indumentaria de talle especial: c\u00f3mo vender en marketplace sin quedarte con stock parado\"}]},{\"@type\":\"WebSite\",\"@id\":\"https:\/\/base.com\/es-AR\/blog\/#website\",\"url\":\"https:\/\/base.com\/es-AR\/blog\/\",\"name\":\"Base Blog\",\"description\":\"Novidades e Atualiza\u00e7\u00f5es da Base e suas integra\u00e7\u00f5es\",\"publisher\":{\"@id\":\"https:\/\/base.com\/es-AR\/blog\/#organization\"},\"potentialAction\":[{\"@type\":\"SearchAction\",\"target\":{\"@type\":\"EntryPoint\",\"urlTemplate\":\"https:\/\/base.com\/es-AR\/blog\/?s={search_term_string}\"},\"query-input\":{\"@type\":\"PropertyValueSpecification\",\"valueRequired\":true,\"valueName\":\"search_term_string\"}}],\"inLanguage\":\"es-AR\"},{\"@type\":\"Organization\",\"@id\":\"https:\/\/base.com\/es-AR\/blog\/#organization\",\"name\":\"Base.com Blog BR\",\"alternateName\":\"Base.com\",\"url\":\"https:\/\/base.com\/es-AR\/blog\/\",\"logo\":{\"@type\":\"ImageObject\",\"inLanguage\":\"es-AR\",\"@id\":\"https:\/\/base.com\/es-AR\/blog\/#\/schema\/logo\/image\/\",\"url\":\"https:\/\/base.com\/pt-BR\/blog\/wp-content\/uploads\/2025\/10\/android-icon-512x512-1-300x300-1.png\",\"contentUrl\":\"https:\/\/base.com\/pt-BR\/blog\/wp-content\/uploads\/2025\/10\/android-icon-512x512-1-300x300-1.png\",\"width\":300,\"height\":300,\"caption\":\"Base.com Blog BR\"},\"image\":{\"@id\":\"https:\/\/base.com\/es-AR\/blog\/#\/schema\/logo\/image\/\"}},{\"@type\":\"Person\",\"@id\":\"https:\/\/base.com\/es-AR\/blog\/#\/schema\/person\/a6a97cee3e96d34f7f8e97c1dcc58339\",\"name\":\"Mois\u00e9s\",\"image\":{\"@type\":\"ImageObject\",\"inLanguage\":\"es-AR\",\"@id\":\"https:\/\/base.com\/es-AR\/blog\/#\/schema\/person\/image\/\",\"url\":\"https:\/\/secure.gravatar.com\/avatar\/d349f27f5a64076ba5ea4390ae9019ad54805b7f7b9b4d74af96f8758149b776?s=96&d=mm&r=g\",\"contentUrl\":\"https:\/\/secure.gravatar.com\/avatar\/d349f27f5a64076ba5ea4390ae9019ad54805b7f7b9b4d74af96f8758149b776?s=96&d=mm&r=g\",\"caption\":\"Mois\u00e9s\"},\"description\":\"Mois\u00e9s Canton \u00e9 Head de Marketing na Base, com mais de 14 anos de experi\u00eancia em Comunica\u00e7\u00e3o, Marketing B2B, Growth e Performance. Lidera a estrat\u00e9gia de marca e aquisi\u00e7\u00e3o da empresa, posicionando a Base como refer\u00eancia em integra\u00e7\u00e3o tecnol\u00f3gica e automa\u00e7\u00e3o inteligente para e-commerces. Seu foco est\u00e1 em impulsionar opera\u00e7\u00f5es escal\u00e1veis, eficientes e orientadas por tecnologia.\",\"url\":\"https:\/\/base.com\/es-AR\/blog\/author\/moises-canton\/\"}]}<\/script>\n<!-- \/ Yoast SEO plugin. -->","yoast_head_json":{"title":"Indumentaria de talle especial: c\u00f3mo vender en marketplace sin quedarte con stock parado","description":"La demanda de talle especial crece en Argentina, pero el riesgo de stockeo mal calculado tambi\u00e9n. Mir\u00e1 c\u00f3mo estructurar variaciones, planificar compras y posicionarte en un nicho con demanda real.","robots":{"index":"index","follow":"follow","max-snippet":"max-snippet:-1","max-image-preview":"max-image-preview:large","max-video-preview":"max-video-preview:-1"},"canonical":"https:\/\/base.com\/es-AR\/blog\/indumentaria-de-talle-especial\/","og_locale":"es_ES","og_type":"article","og_title":"Indumentaria de talle especial: c\u00f3mo vender en marketplace sin quedarte con stock parado","og_description":"La demanda de talle especial crece en Argentina, pero el riesgo de stockeo mal calculado tambi\u00e9n. Mir\u00e1 c\u00f3mo estructurar variaciones, planificar compras y posicionarte en un nicho con demanda real.","og_url":"https:\/\/base.com\/es-AR\/blog\/indumentaria-de-talle-especial\/","og_site_name":"Base Blog","article_published_time":"2026-09-05T01:44:38+00:00","article_modified_time":"2026-09-05T01:44:40+00:00","og_image":[{"width":512,"height":286,"url":"https:\/\/base.com\/es-AR\/blog\/wp-content\/uploads\/2026\/09\/unnamed-8.jpg","type":"image\/jpeg"}],"author":"Mois\u00e9s","twitter_card":"summary_large_image","twitter_misc":{"Escrito por":"Mois\u00e9s","Tiempo de lectura":"7 minutos"},"schema":{"@context":"https:\/\/schema.org","@graph":[{"@type":"Article","@id":"https:\/\/base.com\/es-AR\/blog\/indumentaria-de-talle-especial\/#article","isPartOf":{"@id":"https:\/\/base.com\/es-AR\/blog\/indumentaria-de-talle-especial\/"},"author":{"name":"Mois\u00e9s","@id":"https:\/\/base.com\/es-AR\/blog\/#\/schema\/person\/a6a97cee3e96d34f7f8e97c1dcc58339"},"headline":"Indumentaria de talle especial: c\u00f3mo vender en marketplace sin quedarte con stock parado","datePublished":"2026-09-05T01:44:38+00:00","dateModified":"2026-09-05T01:44:40+00:00","mainEntityOfPage":{"@id":"https:\/\/base.com\/es-AR\/blog\/indumentaria-de-talle-especial\/"},"wordCount":1622,"commentCount":0,"publisher":{"@id":"https:\/\/base.com\/es-AR\/blog\/#organization"},"image":{"@id":"https:\/\/base.com\/es-AR\/blog\/indumentaria-de-talle-especial\/#primaryimage"},"thumbnailUrl":"https:\/\/base.com\/es-AR\/blog\/wp-content\/uploads\/2026\/09\/unnamed-8.jpg","articleSection":["E-commerce"],"inLanguage":"es-AR","potentialAction":[{"@type":"CommentAction","name":"Comment","target":["https:\/\/base.com\/es-AR\/blog\/indumentaria-de-talle-especial\/#respond"]}]},{"@type":"WebPage","@id":"https:\/\/base.com\/es-AR\/blog\/indumentaria-de-talle-especial\/","url":"https:\/\/base.com\/es-AR\/blog\/indumentaria-de-talle-especial\/","name":"Indumentaria de talle especial: c\u00f3mo vender en marketplace sin quedarte con stock parado","isPartOf":{"@id":"https:\/\/base.com\/es-AR\/blog\/#website"},"primaryImageOfPage":{"@id":"https:\/\/base.com\/es-AR\/blog\/indumentaria-de-talle-especial\/#primaryimage"},"image":{"@id":"https:\/\/base.com\/es-AR\/blog\/indumentaria-de-talle-especial\/#primaryimage"},"thumbnailUrl":"https:\/\/base.com\/es-AR\/blog\/wp-content\/uploads\/2026\/09\/unnamed-8.jpg","datePublished":"2026-09-05T01:44:38+00:00","dateModified":"2026-09-05T01:44:40+00:00","description":"La demanda de talle especial crece en Argentina, pero el riesgo de stockeo mal calculado tambi\u00e9n. Mir\u00e1 c\u00f3mo estructurar variaciones, planificar compras y posicionarte en un nicho con demanda real.","breadcrumb":{"@id":"https:\/\/base.com\/es-AR\/blog\/indumentaria-de-talle-especial\/#breadcrumb"},"inLanguage":"es-AR","potentialAction":[{"@type":"ReadAction","target":["https:\/\/base.com\/es-AR\/blog\/indumentaria-de-talle-especial\/"]}]},{"@type":"ImageObject","inLanguage":"es-AR","@id":"https:\/\/base.com\/es-AR\/blog\/indumentaria-de-talle-especial\/#primaryimage","url":"https:\/\/base.com\/es-AR\/blog\/wp-content\/uploads\/2026\/09\/unnamed-8.jpg","contentUrl":"https:\/\/base.com\/es-AR\/blog\/wp-content\/uploads\/2026\/09\/unnamed-8.jpg","width":512,"height":286},{"@type":"BreadcrumbList","@id":"https:\/\/base.com\/es-AR\/blog\/indumentaria-de-talle-especial\/#breadcrumb","itemListElement":[{"@type":"ListItem","position":1,"name":"base.blog","item":"https:\/\/base.com\/es-AR\/blog\/"},{"@type":"ListItem","position":2,"name":"E-commerce","item":"https:\/\/base.com\/es-AR\/blog\/category\/e-commerce\/"},{"@type":"ListItem","position":3,"name":"Indumentaria de talle especial: c\u00f3mo vender en marketplace sin quedarte con stock parado"}]},{"@type":"WebSite","@id":"https:\/\/base.com\/es-AR\/blog\/#website","url":"https:\/\/base.com\/es-AR\/blog\/","name":"Base Blog","description":"Novidades e Atualiza\u00e7\u00f5es da Base e suas integra\u00e7\u00f5es","publisher":{"@id":"https:\/\/base.com\/es-AR\/blog\/#organization"},"potentialAction":[{"@type":"SearchAction","target":{"@type":"EntryPoint","urlTemplate":"https:\/\/base.com\/es-AR\/blog\/?s={search_term_string}"},"query-input":{"@type":"PropertyValueSpecification","valueRequired":true,"valueName":"search_term_string"}}],"inLanguage":"es-AR"},{"@type":"Organization","@id":"https:\/\/base.com\/es-AR\/blog\/#organization","name":"Base.com Blog BR","alternateName":"Base.com","url":"https:\/\/base.com\/es-AR\/blog\/","logo":{"@type":"ImageObject","inLanguage":"es-AR","@id":"https:\/\/base.com\/es-AR\/blog\/#\/schema\/logo\/image\/","url":"https:\/\/base.com\/pt-BR\/blog\/wp-content\/uploads\/2025\/10\/android-icon-512x512-1-300x300-1.png","contentUrl":"https:\/\/base.com\/pt-BR\/blog\/wp-content\/uploads\/2025\/10\/android-icon-512x512-1-300x300-1.png","width":300,"height":300,"caption":"Base.com Blog BR"},"image":{"@id":"https:\/\/base.com\/es-AR\/blog\/#\/schema\/logo\/image\/"}},{"@type":"Person","@id":"https:\/\/base.com\/es-AR\/blog\/#\/schema\/person\/a6a97cee3e96d34f7f8e97c1dcc58339","name":"Mois\u00e9s","image":{"@type":"ImageObject","inLanguage":"es-AR","@id":"https:\/\/base.com\/es-AR\/blog\/#\/schema\/person\/image\/","url":"https:\/\/secure.gravatar.com\/avatar\/d349f27f5a64076ba5ea4390ae9019ad54805b7f7b9b4d74af96f8758149b776?s=96&d=mm&r=g","contentUrl":"https:\/\/secure.gravatar.com\/avatar\/d349f27f5a64076ba5ea4390ae9019ad54805b7f7b9b4d74af96f8758149b776?s=96&d=mm&r=g","caption":"Mois\u00e9s"},"description":"Mois\u00e9s Canton \u00e9 Head de Marketing na Base, com mais de 14 anos de experi\u00eancia em Comunica\u00e7\u00e3o, Marketing B2B, Growth e Performance. Lidera a estrat\u00e9gia de marca e aquisi\u00e7\u00e3o da empresa, posicionando a Base como refer\u00eancia em integra\u00e7\u00e3o tecnol\u00f3gica e automa\u00e7\u00e3o inteligente para e-commerces. Seu foco est\u00e1 em impulsionar opera\u00e7\u00f5es escal\u00e1veis, eficientes e orientadas por tecnologia.","url":"https:\/\/base.com\/es-AR\/blog\/author\/moises-canton\/"}]}},"views":22,"_links":{"self":[{"href":"https:\/\/base.com\/es-AR\/blog\/wp-json\/wp\/v2\/posts\/18540","targetHints":{"allow":["GET"]}}],"collection":[{"href":"https:\/\/base.com\/es-AR\/blog\/wp-json\/wp\/v2\/posts"}],"about":[{"href":"https:\/\/base.com\/es-AR\/blog\/wp-json\/wp\/v2\/types\/post"}],"author":[{"embeddable":true,"href":"https:\/\/base.com\/es-AR\/blog\/wp-json\/wp\/v2\/users\/101"}],"replies":[{"embeddable":true,"href":"https:\/\/base.com\/es-AR\/blog\/wp-json\/wp\/v2\/comments?post=18540"}],"version-history":[{"count":1,"href":"https:\/\/base.com\/es-AR\/blog\/wp-json\/wp\/v2\/posts\/18540\/revisions"}],"predecessor-version":[{"id":18542,"href":"https:\/\/base.com\/es-AR\/blog\/wp-json\/wp\/v2\/posts\/18540\/revisions\/18542"}],"wp:featuredmedia":[{"embeddable":true,"href":"https:\/\/base.com\/es-AR\/blog\/wp-json\/wp\/v2\/media\/18541"}],"wp:attachment":[{"href":"https:\/\/base.com\/es-AR\/blog\/wp-json\/wp\/v2\/media?parent=18540"}],"wp:term":[{"taxonomy":"category","embeddable":true,"href":"https:\/\/base.com\/es-AR\/blog\/wp-json\/wp\/v2\/categories?post=18540"},{"taxonomy":"post_tag","embeddable":true,"href":"https:\/\/base.com\/es-AR\/blog\/wp-json\/wp\/v2\/tags?post=18540"},{"taxonomy":"authors","embeddable":true,"href":"https:\/\/base.com\/es-AR\/blog\/wp-json\/wp\/v2\/authors?post=18540"}],"curies":[{"name":"wp","href":"https:\/\/api.w.org\/{rel}","templated":true}]}}