{"id":17264,"date":"2025-01-31T10:14:14","date_gmt":"2025-01-31T09:14:14","guid":{"rendered":"https:\/\/base.com\/fr-FR\/blog\/?p=17264"},"modified":"2025-06-02T22:12:29","modified_gmt":"2025-06-02T20:12:29","slug":"premier-salon-pour-lequipe-base-com-france","status":"publish","type":"post","link":"https:\/\/base.com\/fr-FR\/blog\/premier-salon-pour-lequipe-base-com-france\/","title":{"rendered":"Premier salon pour l\u2019\u00e9quipe Base.com France"},"content":{"rendered":"<p>Premier salon pour l\u2019\u00e9quipe <a class=\"link\" href=\"https:\/\/fr.linkedin.com\/company\/base-com-france?trk=public_post-text\" target=\"_self\" data-tracking-control-name=\"public_post-text\" data-tracking-will-navigate=\"\">Base.com France<\/a> \ud83e\udd29<\/p>\n<p>Nous sommes ravis de participer \u00e0 l\u2019\u00e9dition 2025 du salon <a class=\"link\" href=\"https:\/\/fr.linkedin.com\/showcase\/marketplace-connect\/?trk=public_post-text\" target=\"_self\" data-tracking-control-name=\"public_post-text\" data-tracking-will-navigate=\"\">Marketplace Connect<\/a>, \u00e9v\u00e9nement d\u00e9di\u00e9 \u00e0 la performance sur les marketplaces, qui se tiendra les 5 et 6 f\u00e9vrier 2025 au Ch\u00e2teauform&#8217; Paris Les Puces \u00e0 Saint-Ouen.<\/p>\n<p>Pendant ces 2 jours, notre \u00e9quipe fra\u00eechement constitu\u00e9e ira \u00e0 votre rencontre, vendeurs, marketplace, et autres acteurs du secteur e-commerce avec un objectif : \u00e9changer avec vous sur vos enjeux et vous pr\u00e9senter la plateforme Base, premi\u00e8re solution e-commerce tout-en-un en Europe \ud83d\ude80<\/p>\n","protected":false},"excerpt":{"rendered":"<p>Premier salon pour l\u2019\u00e9quipe Base.com France \ud83e\udd29 Nous sommes ravis de participer \u00e0 l\u2019\u00e9dition 2025 du salon Marketplace Connect, \u00e9v\u00e9nement d\u00e9di\u00e9 \u00e0 la performance sur les marketplaces, qui se tiendra les 5 et 6 f\u00e9vrier 2025 au Ch\u00e2teauform&#8217; Paris Les Puces \u00e0 Saint-Ouen. Pendant ces 2 jours, notre \u00e9quipe fra\u00eechement constitu\u00e9e ira \u00e0 votre rencontre, [&hellip;]<\/p>\n","protected":false},"author":103,"featured_media":17266,"comment_status":"open","ping_status":"open","sticky":false,"template":"","format":"standard","meta":{"_acf_changed":false,"inline_featured_image":false,"footnotes":""},"categories":[486,366],"tags":[],"authors":[],"class_list":["post-17264","post","type-post","status-publish","format-standard","has-post-thumbnail","hentry","category-e-commerce","category-events","market-france"],"acf":[],"featured_image_src":"https:\/\/base.com\/fr-FR\/blog\/wp-content\/uploads\/2025\/01\/1737641735365.jpeg","author_info":{"display_name":"Iryna Tessard","author_link":"https:\/\/base.com\/fr-FR\/blog\/author\/iryna-tessard\/"},"yoast_head":"<!-- This site is optimized with the Yoast SEO plugin v26.1.1 - https:\/\/yoast.com\/wordpress\/plugins\/seo\/ -->\n<title>Base.com France : retour sur notre tout premier salon e-commerce<\/title>\n<meta name=\"description\" content=\"L\u2019\u00e9quipe Base.com France a particip\u00e9 \u00e0 son premier salon e-commerce : rencontres, retours d\u2019exp\u00e9rience et opportunit\u00e9s business au rendez-vous.\" \/>\n<meta name=\"robots\" content=\"index, follow, max-snippet:-1, max-image-preview:large, max-video-preview:-1\" \/>\n<link rel=\"canonical\" href=\"https:\/\/base.com\/fr-FR\/blog\/premier-salon-pour-lequipe-base-com-france\/\" \/>\n<meta property=\"og:locale\" content=\"fr_FR\" \/>\n<meta property=\"og:type\" content=\"article\" \/>\n<meta property=\"og:title\" content=\"Base.com France : retour sur notre tout premier salon e-commerce\" \/>\n<meta property=\"og:description\" content=\"L\u2019\u00e9quipe Base.com France a particip\u00e9 \u00e0 son premier salon e-commerce : rencontres, retours d\u2019exp\u00e9rience et opportunit\u00e9s business au rendez-vous.\" \/>\n<meta property=\"og:url\" content=\"https:\/\/base.com\/fr-FR\/blog\/premier-salon-pour-lequipe-base-com-france\/\" \/>\n<meta property=\"og:site_name\" content=\"Base Blog\" \/>\n<meta property=\"article:published_time\" content=\"2025-01-31T09:14:14+00:00\" \/>\n<meta property=\"article:modified_time\" content=\"2025-06-02T20:12:29+00:00\" \/>\n<meta property=\"og:image\" content=\"https:\/\/base.com\/fr-FR\/blog\/wp-content\/uploads\/2025\/01\/1737641735365.jpeg\" \/>\n\t<meta property=\"og:image:width\" content=\"1200\" \/>\n\t<meta property=\"og:image:height\" content=\"1200\" \/>\n\t<meta property=\"og:image:type\" content=\"image\/jpeg\" \/>\n<meta name=\"author\" content=\"Iryna Tessard\" \/>\n<meta name=\"twitter:card\" content=\"summary_large_image\" \/>\n<meta name=\"twitter:label1\" content=\"\u00c9crit par\" \/>\n\t<meta name=\"twitter:data1\" content=\"Iryna Tessard\" \/>\n\t<meta name=\"twitter:label2\" content=\"Dur\u00e9e de lecture estim\u00e9e\" \/>\n\t<meta name=\"twitter:data2\" content=\"1 minute\" \/>\n<script type=\"application\/ld+json\" class=\"yoast-schema-graph\">{\"@context\":\"https:\/\/schema.org\",\"@graph\":[{\"@type\":\"Article\",\"@id\":\"https:\/\/base.com\/fr-FR\/blog\/premier-salon-pour-lequipe-base-com-france\/#article\",\"isPartOf\":{\"@id\":\"https:\/\/base.com\/fr-FR\/blog\/premier-salon-pour-lequipe-base-com-france\/\"},\"author\":{\"name\":\"Iryna Tessard\",\"@id\":\"https:\/\/base.com\/fr-FR\/blog\/#\/schema\/person\/5a4f106dc328ea8a6a7d87ea48f4f60e\"},\"headline\":\"Premier salon pour l\u2019\u00e9quipe Base.com France\",\"datePublished\":\"2025-01-31T09:14:14+00:00\",\"dateModified\":\"2025-06-02T20:12:29+00:00\",\"mainEntityOfPage\":{\"@id\":\"https:\/\/base.com\/fr-FR\/blog\/premier-salon-pour-lequipe-base-com-france\/\"},\"wordCount\":93,\"commentCount\":0,\"publisher\":{\"@id\":\"https:\/\/base.com\/fr-FR\/blog\/#organization\"},\"image\":{\"@id\":\"https:\/\/base.com\/fr-FR\/blog\/premier-salon-pour-lequipe-base-com-france\/#primaryimage\"},\"thumbnailUrl\":\"https:\/\/base.com\/fr-FR\/blog\/wp-content\/uploads\/2025\/01\/1737641735365.jpeg\",\"articleSection\":[\"E-commerce\",\"Events\"],\"inLanguage\":\"fr-FR\",\"potentialAction\":[{\"@type\":\"CommentAction\",\"name\":\"Comment\",\"target\":[\"https:\/\/base.com\/fr-FR\/blog\/premier-salon-pour-lequipe-base-com-france\/#respond\"]}]},{\"@type\":\"WebPage\",\"@id\":\"https:\/\/base.com\/fr-FR\/blog\/premier-salon-pour-lequipe-base-com-france\/\",\"url\":\"https:\/\/base.com\/fr-FR\/blog\/premier-salon-pour-lequipe-base-com-france\/\",\"name\":\"Base.com France : retour sur notre tout premier salon e-commerce\",\"isPartOf\":{\"@id\":\"https:\/\/base.com\/fr-FR\/blog\/#website\"},\"primaryImageOfPage\":{\"@id\":\"https:\/\/base.com\/fr-FR\/blog\/premier-salon-pour-lequipe-base-com-france\/#primaryimage\"},\"image\":{\"@id\":\"https:\/\/base.com\/fr-FR\/blog\/premier-salon-pour-lequipe-base-com-france\/#primaryimage\"},\"thumbnailUrl\":\"https:\/\/base.com\/fr-FR\/blog\/wp-content\/uploads\/2025\/01\/1737641735365.jpeg\",\"datePublished\":\"2025-01-31T09:14:14+00:00\",\"dateModified\":\"2025-06-02T20:12:29+00:00\",\"description\":\"L\u2019\u00e9quipe Base.com France a particip\u00e9 \u00e0 son premier salon e-commerce : rencontres, retours d\u2019exp\u00e9rience et opportunit\u00e9s business au rendez-vous.\",\"breadcrumb\":{\"@id\":\"https:\/\/base.com\/fr-FR\/blog\/premier-salon-pour-lequipe-base-com-france\/#breadcrumb\"},\"inLanguage\":\"fr-FR\",\"potentialAction\":[{\"@type\":\"ReadAction\",\"target\":[\"https:\/\/base.com\/fr-FR\/blog\/premier-salon-pour-lequipe-base-com-france\/\"]}]},{\"@type\":\"ImageObject\",\"inLanguage\":\"fr-FR\",\"@id\":\"https:\/\/base.com\/fr-FR\/blog\/premier-salon-pour-lequipe-base-com-france\/#primaryimage\",\"url\":\"https:\/\/base.com\/fr-FR\/blog\/wp-content\/uploads\/2025\/01\/1737641735365.jpeg\",\"contentUrl\":\"https:\/\/base.com\/fr-FR\/blog\/wp-content\/uploads\/2025\/01\/1737641735365.jpeg\",\"width\":1200,\"height\":1200,\"caption\":\"base marketplace connect france\"},{\"@type\":\"BreadcrumbList\",\"@id\":\"https:\/\/base.com\/fr-FR\/blog\/premier-salon-pour-lequipe-base-com-france\/#breadcrumb\",\"itemListElement\":[{\"@type\":\"ListItem\",\"position\":1,\"name\":\"base.blog\",\"item\":\"https:\/\/base.com\/fr-FR\/blog\/\"},{\"@type\":\"ListItem\",\"position\":2,\"name\":\"E-commerce\",\"item\":\"https:\/\/base.com\/fr-FR\/blog\/category\/e-commerce\/\"},{\"@type\":\"ListItem\",\"position\":3,\"name\":\"Premier salon pour l\u2019\u00e9quipe Base.com France\"}]},{\"@type\":\"WebSite\",\"@id\":\"https:\/\/base.com\/fr-FR\/blog\/#website\",\"url\":\"https:\/\/base.com\/fr-FR\/blog\/\",\"name\":\"Base Blog\",\"description\":\"Nouvelles possibilit\u00e9s dans Base et mises \u00e0 jour du commerce \u00e9lectronique\",\"publisher\":{\"@id\":\"https:\/\/base.com\/fr-FR\/blog\/#organization\"},\"potentialAction\":[{\"@type\":\"SearchAction\",\"target\":{\"@type\":\"EntryPoint\",\"urlTemplate\":\"https:\/\/base.com\/fr-FR\/blog\/?s={search_term_string}\"},\"query-input\":{\"@type\":\"PropertyValueSpecification\",\"valueRequired\":true,\"valueName\":\"search_term_string\"}}],\"inLanguage\":\"fr-FR\"},{\"@type\":\"Organization\",\"@id\":\"https:\/\/base.com\/fr-FR\/blog\/#organization\",\"name\":\"Base.com Blog FR\",\"alternateName\":\"Base.com\",\"url\":\"https:\/\/base.com\/fr-FR\/blog\/\",\"logo\":{\"@type\":\"ImageObject\",\"inLanguage\":\"fr-FR\",\"@id\":\"https:\/\/base.com\/fr-FR\/blog\/#\/schema\/logo\/image\/\",\"url\":\"https:\/\/base.com\/fr-FR\/blog\/wp-content\/uploads\/2025\/10\/android-icon-512x512-1-300x300-1.png\",\"contentUrl\":\"https:\/\/base.com\/fr-FR\/blog\/wp-content\/uploads\/2025\/10\/android-icon-512x512-1-300x300-1.png\",\"width\":300,\"height\":300,\"caption\":\"Base.com Blog FR\"},\"image\":{\"@id\":\"https:\/\/base.com\/fr-FR\/blog\/#\/schema\/logo\/image\/\"}},{\"@type\":\"Person\",\"@id\":\"https:\/\/base.com\/fr-FR\/blog\/#\/schema\/person\/5a4f106dc328ea8a6a7d87ea48f4f60e\",\"name\":\"Iryna Tessard\",\"image\":{\"@type\":\"ImageObject\",\"inLanguage\":\"fr-FR\",\"@id\":\"https:\/\/base.com\/fr-FR\/blog\/#\/schema\/person\/image\/\",\"url\":\"https:\/\/base.com\/fr-FR\/blog\/wp-content\/uploads\/2025\/04\/photo_blog-96x96.jpg\",\"contentUrl\":\"https:\/\/base.com\/fr-FR\/blog\/wp-content\/uploads\/2025\/04\/photo_blog-96x96.jpg\",\"caption\":\"Iryna Tessard\"},\"sameAs\":[\"https:\/\/www.linkedin.com\/in\/iryna-tessard\/\"],\"url\":\"https:\/\/base.com\/fr-FR\/blog\/author\/iryna-tessard\/\"}]}<\/script>\n<!-- \/ Yoast SEO plugin. -->","yoast_head_json":{"title":"Base.com France : retour sur notre tout premier salon e-commerce","description":"L\u2019\u00e9quipe Base.com France a particip\u00e9 \u00e0 son premier salon e-commerce : rencontres, retours d\u2019exp\u00e9rience et opportunit\u00e9s business au rendez-vous.","robots":{"index":"index","follow":"follow","max-snippet":"max-snippet:-1","max-image-preview":"max-image-preview:large","max-video-preview":"max-video-preview:-1"},"canonical":"https:\/\/base.com\/fr-FR\/blog\/premier-salon-pour-lequipe-base-com-france\/","og_locale":"fr_FR","og_type":"article","og_title":"Base.com France : retour sur notre tout premier salon e-commerce","og_description":"L\u2019\u00e9quipe Base.com France a particip\u00e9 \u00e0 son premier salon e-commerce : rencontres, retours d\u2019exp\u00e9rience et opportunit\u00e9s business au rendez-vous.","og_url":"https:\/\/base.com\/fr-FR\/blog\/premier-salon-pour-lequipe-base-com-france\/","og_site_name":"Base Blog","article_published_time":"2025-01-31T09:14:14+00:00","article_modified_time":"2025-06-02T20:12:29+00:00","og_image":[{"width":1200,"height":1200,"url":"https:\/\/base.com\/fr-FR\/blog\/wp-content\/uploads\/2025\/01\/1737641735365.jpeg","type":"image\/jpeg"}],"author":"Iryna Tessard","twitter_card":"summary_large_image","twitter_misc":{"\u00c9crit par":"Iryna Tessard","Dur\u00e9e de lecture estim\u00e9e":"1 minute"},"schema":{"@context":"https:\/\/schema.org","@graph":[{"@type":"Article","@id":"https:\/\/base.com\/fr-FR\/blog\/premier-salon-pour-lequipe-base-com-france\/#article","isPartOf":{"@id":"https:\/\/base.com\/fr-FR\/blog\/premier-salon-pour-lequipe-base-com-france\/"},"author":{"name":"Iryna Tessard","@id":"https:\/\/base.com\/fr-FR\/blog\/#\/schema\/person\/5a4f106dc328ea8a6a7d87ea48f4f60e"},"headline":"Premier salon pour l\u2019\u00e9quipe Base.com France","datePublished":"2025-01-31T09:14:14+00:00","dateModified":"2025-06-02T20:12:29+00:00","mainEntityOfPage":{"@id":"https:\/\/base.com\/fr-FR\/blog\/premier-salon-pour-lequipe-base-com-france\/"},"wordCount":93,"commentCount":0,"publisher":{"@id":"https:\/\/base.com\/fr-FR\/blog\/#organization"},"image":{"@id":"https:\/\/base.com\/fr-FR\/blog\/premier-salon-pour-lequipe-base-com-france\/#primaryimage"},"thumbnailUrl":"https:\/\/base.com\/fr-FR\/blog\/wp-content\/uploads\/2025\/01\/1737641735365.jpeg","articleSection":["E-commerce","Events"],"inLanguage":"fr-FR","potentialAction":[{"@type":"CommentAction","name":"Comment","target":["https:\/\/base.com\/fr-FR\/blog\/premier-salon-pour-lequipe-base-com-france\/#respond"]}]},{"@type":"WebPage","@id":"https:\/\/base.com\/fr-FR\/blog\/premier-salon-pour-lequipe-base-com-france\/","url":"https:\/\/base.com\/fr-FR\/blog\/premier-salon-pour-lequipe-base-com-france\/","name":"Base.com France : retour sur notre tout premier salon e-commerce","isPartOf":{"@id":"https:\/\/base.com\/fr-FR\/blog\/#website"},"primaryImageOfPage":{"@id":"https:\/\/base.com\/fr-FR\/blog\/premier-salon-pour-lequipe-base-com-france\/#primaryimage"},"image":{"@id":"https:\/\/base.com\/fr-FR\/blog\/premier-salon-pour-lequipe-base-com-france\/#primaryimage"},"thumbnailUrl":"https:\/\/base.com\/fr-FR\/blog\/wp-content\/uploads\/2025\/01\/1737641735365.jpeg","datePublished":"2025-01-31T09:14:14+00:00","dateModified":"2025-06-02T20:12:29+00:00","description":"L\u2019\u00e9quipe Base.com France a particip\u00e9 \u00e0 son premier salon e-commerce : rencontres, retours d\u2019exp\u00e9rience et opportunit\u00e9s business au rendez-vous.","breadcrumb":{"@id":"https:\/\/base.com\/fr-FR\/blog\/premier-salon-pour-lequipe-base-com-france\/#breadcrumb"},"inLanguage":"fr-FR","potentialAction":[{"@type":"ReadAction","target":["https:\/\/base.com\/fr-FR\/blog\/premier-salon-pour-lequipe-base-com-france\/"]}]},{"@type":"ImageObject","inLanguage":"fr-FR","@id":"https:\/\/base.com\/fr-FR\/blog\/premier-salon-pour-lequipe-base-com-france\/#primaryimage","url":"https:\/\/base.com\/fr-FR\/blog\/wp-content\/uploads\/2025\/01\/1737641735365.jpeg","contentUrl":"https:\/\/base.com\/fr-FR\/blog\/wp-content\/uploads\/2025\/01\/1737641735365.jpeg","width":1200,"height":1200,"caption":"base marketplace connect france"},{"@type":"BreadcrumbList","@id":"https:\/\/base.com\/fr-FR\/blog\/premier-salon-pour-lequipe-base-com-france\/#breadcrumb","itemListElement":[{"@type":"ListItem","position":1,"name":"base.blog","item":"https:\/\/base.com\/fr-FR\/blog\/"},{"@type":"ListItem","position":2,"name":"E-commerce","item":"https:\/\/base.com\/fr-FR\/blog\/category\/e-commerce\/"},{"@type":"ListItem","position":3,"name":"Premier salon pour l\u2019\u00e9quipe Base.com France"}]},{"@type":"WebSite","@id":"https:\/\/base.com\/fr-FR\/blog\/#website","url":"https:\/\/base.com\/fr-FR\/blog\/","name":"Base Blog","description":"Nouvelles possibilit\u00e9s dans Base et mises \u00e0 jour du commerce \u00e9lectronique","publisher":{"@id":"https:\/\/base.com\/fr-FR\/blog\/#organization"},"potentialAction":[{"@type":"SearchAction","target":{"@type":"EntryPoint","urlTemplate":"https:\/\/base.com\/fr-FR\/blog\/?s={search_term_string}"},"query-input":{"@type":"PropertyValueSpecification","valueRequired":true,"valueName":"search_term_string"}}],"inLanguage":"fr-FR"},{"@type":"Organization","@id":"https:\/\/base.com\/fr-FR\/blog\/#organization","name":"Base.com Blog FR","alternateName":"Base.com","url":"https:\/\/base.com\/fr-FR\/blog\/","logo":{"@type":"ImageObject","inLanguage":"fr-FR","@id":"https:\/\/base.com\/fr-FR\/blog\/#\/schema\/logo\/image\/","url":"https:\/\/base.com\/fr-FR\/blog\/wp-content\/uploads\/2025\/10\/android-icon-512x512-1-300x300-1.png","contentUrl":"https:\/\/base.com\/fr-FR\/blog\/wp-content\/uploads\/2025\/10\/android-icon-512x512-1-300x300-1.png","width":300,"height":300,"caption":"Base.com Blog FR"},"image":{"@id":"https:\/\/base.com\/fr-FR\/blog\/#\/schema\/logo\/image\/"}},{"@type":"Person","@id":"https:\/\/base.com\/fr-FR\/blog\/#\/schema\/person\/5a4f106dc328ea8a6a7d87ea48f4f60e","name":"Iryna Tessard","image":{"@type":"ImageObject","inLanguage":"fr-FR","@id":"https:\/\/base.com\/fr-FR\/blog\/#\/schema\/person\/image\/","url":"https:\/\/base.com\/fr-FR\/blog\/wp-content\/uploads\/2025\/04\/photo_blog-96x96.jpg","contentUrl":"https:\/\/base.com\/fr-FR\/blog\/wp-content\/uploads\/2025\/04\/photo_blog-96x96.jpg","caption":"Iryna Tessard"},"sameAs":["https:\/\/www.linkedin.com\/in\/iryna-tessard\/"],"url":"https:\/\/base.com\/fr-FR\/blog\/author\/iryna-tessard\/"}]}},"views":663,"_links":{"self":[{"href":"https:\/\/base.com\/fr-FR\/blog\/wp-json\/wp\/v2\/posts\/17264","targetHints":{"allow":["GET"]}}],"collection":[{"href":"https:\/\/base.com\/fr-FR\/blog\/wp-json\/wp\/v2\/posts"}],"about":[{"href":"https:\/\/base.com\/fr-FR\/blog\/wp-json\/wp\/v2\/types\/post"}],"author":[{"embeddable":true,"href":"https:\/\/base.com\/fr-FR\/blog\/wp-json\/wp\/v2\/users\/103"}],"replies":[{"embeddable":true,"href":"https:\/\/base.com\/fr-FR\/blog\/wp-json\/wp\/v2\/comments?post=17264"}],"version-history":[{"count":2,"href":"https:\/\/base.com\/fr-FR\/blog\/wp-json\/wp\/v2\/posts\/17264\/revisions"}],"predecessor-version":[{"id":17267,"href":"https:\/\/base.com\/fr-FR\/blog\/wp-json\/wp\/v2\/posts\/17264\/revisions\/17267"}],"wp:featuredmedia":[{"embeddable":true,"href":"https:\/\/base.com\/fr-FR\/blog\/wp-json\/wp\/v2\/media\/17266"}],"wp:attachment":[{"href":"https:\/\/base.com\/fr-FR\/blog\/wp-json\/wp\/v2\/media?parent=17264"}],"wp:term":[{"taxonomy":"category","embeddable":true,"href":"https:\/\/base.com\/fr-FR\/blog\/wp-json\/wp\/v2\/categories?post=17264"},{"taxonomy":"post_tag","embeddable":true,"href":"https:\/\/base.com\/fr-FR\/blog\/wp-json\/wp\/v2\/tags?post=17264"},{"taxonomy":"authors","embeddable":true,"href":"https:\/\/base.com\/fr-FR\/blog\/wp-json\/wp\/v2\/authors?post=17264"}],"curies":[{"name":"wp","href":"https:\/\/api.w.org\/{rel}","templated":true}]}}