{"id":17486,"date":"2025-06-06T16:10:30","date_gmt":"2025-06-06T14:10:30","guid":{"rendered":"https:\/\/base.com\/fr-FR\/blog\/?p=17486"},"modified":"2025-06-06T16:10:30","modified_gmt":"2025-06-06T14:10:30","slug":"base-france-participe-au-prestashop-day-paris-2025","status":"publish","type":"post","link":"https:\/\/base.com\/fr-FR\/blog\/base-france-participe-au-prestashop-day-paris-2025\/","title":{"rendered":"Base France participe au PrestaShop Day Paris 2025 !"},"content":{"rendered":"<p data-start=\"219\" data-end=\"406\">Nous sommes ravis d\u2019annoncer la <strong data-start=\"251\" data-end=\"292\">premi\u00e8re participation de Base France<\/strong> au <strong data-start=\"296\" data-end=\"314\">PrestaShop Day<\/strong>, l\u2019un des \u00e9v\u00e9nements les plus embl\u00e9matiques du secteur e-commerce, organis\u00e9 par PrestaShop.<\/p>\n<p data-start=\"408\" data-end=\"599\">\ud83d\udcc5 <strong data-start=\"411\" data-end=\"448\">Rendez-vous le mardi 10 juin 2025<\/strong> au <strong data-start=\"452\" data-end=\"484\">3 Mazarium (by Ch\u00e2teauform\u2019)<\/strong> pour une journ\u00e9e riche en rencontres, \u00e9changes et d\u00e9couvertes autour des derni\u00e8res tendances du e-commerce.<\/p>\n<h3 data-start=\"601\" data-end=\"648\">Pourquoi cet \u00e9v\u00e9nement est incontournable ?<\/h3>\n<p data-start=\"650\" data-end=\"918\">PrestaShop Day est <strong data-start=\"669\" data-end=\"758\">le point de convergence des marchands, d\u00e9veloppeurs, agences et experts du e-commerce<\/strong>. Et comme PrestaShop fait partie des nombreuses int\u00e9grations propos\u00e9es par la plateforme Base, il \u00e9tait \u00e9vident pour nous de prendre part \u00e0 cette \u00e9dition 2025.<\/p>\n<p data-start=\"920\" data-end=\"1105\">C\u2019est l\u2019occasion id\u00e9ale pour \u00e9changer en direct avec notre \u00e9quipe, d\u00e9couvrir comment Base peut acc\u00e9l\u00e9rer votre activit\u00e9, et poser toutes vos questions sur l\u2019int\u00e9gration avec PrestaShop.<\/p>\n<h3 data-start=\"1112\" data-end=\"1170\">\ud83d\udccd Retrouvez la d\u00e9l\u00e9gation <strong data-start=\"1143\" data-end=\"1158\">Base France<\/strong> sur place :<\/h3>\n<p data-start=\"1174\" data-end=\"1237\">\ud83e\udd1d <strong data-start=\"1177\" data-end=\"1199\">Rendez-vous 1-to-1<\/strong> avec nos experts sur le stand <strong data-start=\"1230\" data-end=\"1237\">#13<\/strong><\/p>\n<p data-start=\"1240\" data-end=\"1398\">\ud83d\udde3\ufe0f <strong data-start=\"1244\" data-end=\"1266\">Conf\u00e9rence \u00e0 16h15<\/strong> :<br data-start=\"1268\" data-end=\"1271\" \/><em data-start=\"1273\" data-end=\"1336\">&#8220;Boostez votre boutique PrestaShop gr\u00e2ce \u00e0 l\u2019\u00e9cosyst\u00e8me Base&#8221;<\/em>,<br data-start=\"1337\" data-end=\"1340\" \/>pr\u00e9sent\u00e9e par <strong data-start=\"1356\" data-end=\"1372\">Corentin Pic<\/strong>, dans la salle de la Tour<\/p>\n<p data-start=\"1401\" data-end=\"1478\">\ud83d\udd35 Et bien s\u00fbr, <strong data-start=\"1417\" data-end=\"1443\">beaucoup de networking<\/strong> avec les acteurs cl\u00e9s du secteur !<\/p>\n<h3 data-start=\"1485\" data-end=\"1515\">\ud83d\udca1 Vous participez aussi ?<\/h3>\n<p data-start=\"1517\" data-end=\"1642\">Nous serions ravis de vous rencontrer !<br data-start=\"1556\" data-end=\"1559\" \/>Les inscriptions sont encore ouvertes \ud83d\udc49 <a class=\"\" href=\"https:\/\/bit.ly\/4dhOWIZ\" target=\"_new\" rel=\"noopener\" data-start=\"1600\" data-end=\"1642\">Je m\u2019inscris ici<\/a><\/p>\n<p data-start=\"1644\" data-end=\"1689\">\u00c0 tr\u00e8s bient\u00f4t au PrestaShop Day Paris 2025 !<\/p>\n","protected":false},"excerpt":{"rendered":"<p>Nous sommes ravis d\u2019annoncer la premi\u00e8re participation de Base France au PrestaShop Day, l\u2019un des \u00e9v\u00e9nements les plus embl\u00e9matiques du secteur e-commerce, organis\u00e9 par PrestaShop. \ud83d\udcc5 Rendez-vous le mardi 10 juin 2025 au 3 Mazarium (by Ch\u00e2teauform\u2019) pour une journ\u00e9e riche en rencontres, \u00e9changes et d\u00e9couvertes autour des derni\u00e8res tendances du e-commerce. Pourquoi cet \u00e9v\u00e9nement [&hellip;]<\/p>\n","protected":false},"author":103,"featured_media":17488,"comment_status":"open","ping_status":"open","sticky":false,"template":"","format":"standard","meta":{"_acf_changed":false,"inline_featured_image":false,"footnotes":""},"categories":[486,366],"tags":[556,489,594,593],"authors":[574],"class_list":["post-17486","post","type-post","status-publish","format-standard","has-post-thumbnail","hentry","category-e-commerce","category-events","tag-base-com-france","tag-e-commerce","tag-prestashop","tag-prestashop-day-2025","authors-iryna-tessard","market-france","market-worldwide"],"acf":[],"featured_image_src":"https:\/\/base.com\/fr-FR\/blog\/wp-content\/uploads\/2025\/06\/Prestashop-Day.jpeg","author_info":{"display_name":"Iryna Tessard","author_link":"https:\/\/base.com\/fr-FR\/blog\/author\/iryna-tessard\/"},"yoast_head":"<!-- This site is optimized with the Yoast SEO plugin v26.1.1 - https:\/\/yoast.com\/wordpress\/plugins\/seo\/ -->\n<title>Base France participe au PrestaShop Day Paris 2025 ! - Base Blog<\/title>\n<meta name=\"description\" content=\"Base France participe au PrestaShop Day 2025 ! Rencontrez notre \u00e9quipe le 10 juin \u00e0 Paris et d\u00e9couvrez notre solution pour PrestaShop.\" \/>\n<meta name=\"robots\" content=\"index, follow, max-snippet:-1, max-image-preview:large, max-video-preview:-1\" \/>\n<link rel=\"canonical\" href=\"https:\/\/base.com\/fr-FR\/blog\/base-france-participe-au-prestashop-day-paris-2025\/\" \/>\n<meta property=\"og:locale\" content=\"fr_FR\" \/>\n<meta property=\"og:type\" content=\"article\" \/>\n<meta property=\"og:title\" content=\"Base France participe au PrestaShop Day Paris 2025 ! - Base Blog\" \/>\n<meta property=\"og:description\" content=\"Base France participe au PrestaShop Day 2025 ! Rencontrez notre \u00e9quipe le 10 juin \u00e0 Paris et d\u00e9couvrez notre solution pour PrestaShop.\" \/>\n<meta property=\"og:url\" content=\"https:\/\/base.com\/fr-FR\/blog\/base-france-participe-au-prestashop-day-paris-2025\/\" \/>\n<meta property=\"og:site_name\" content=\"Base Blog\" \/>\n<meta property=\"article:published_time\" content=\"2025-06-06T14:10:30+00:00\" \/>\n<meta property=\"og:image\" content=\"https:\/\/base.com\/fr-FR\/blog\/wp-content\/uploads\/2025\/06\/Prestashop-Day.jpeg\" \/>\n\t<meta property=\"og:image:width\" content=\"800\" \/>\n\t<meta property=\"og:image:height\" content=\"800\" \/>\n\t<meta property=\"og:image:type\" content=\"image\/jpeg\" \/>\n<meta name=\"author\" content=\"Iryna Tessard\" \/>\n<meta name=\"twitter:card\" content=\"summary_large_image\" \/>\n<meta name=\"twitter:label1\" content=\"\u00c9crit par\" \/>\n\t<meta name=\"twitter:data1\" content=\"Iryna Tessard\" \/>\n\t<meta name=\"twitter:label2\" content=\"Dur\u00e9e de lecture estim\u00e9e\" \/>\n\t<meta name=\"twitter:data2\" content=\"2 minutes\" \/>\n<script type=\"application\/ld+json\" class=\"yoast-schema-graph\">{\"@context\":\"https:\/\/schema.org\",\"@graph\":[{\"@type\":\"Article\",\"@id\":\"https:\/\/base.com\/fr-FR\/blog\/base-france-participe-au-prestashop-day-paris-2025\/#article\",\"isPartOf\":{\"@id\":\"https:\/\/base.com\/fr-FR\/blog\/base-france-participe-au-prestashop-day-paris-2025\/\"},\"author\":{\"name\":\"Iryna Tessard\",\"@id\":\"https:\/\/base.com\/fr-FR\/blog\/#\/schema\/person\/5a4f106dc328ea8a6a7d87ea48f4f60e\"},\"headline\":\"Base France participe au PrestaShop Day Paris 2025 !\",\"datePublished\":\"2025-06-06T14:10:30+00:00\",\"mainEntityOfPage\":{\"@id\":\"https:\/\/base.com\/fr-FR\/blog\/base-france-participe-au-prestashop-day-paris-2025\/\"},\"wordCount\":227,\"commentCount\":0,\"publisher\":{\"@id\":\"https:\/\/base.com\/fr-FR\/blog\/#organization\"},\"image\":{\"@id\":\"https:\/\/base.com\/fr-FR\/blog\/base-france-participe-au-prestashop-day-paris-2025\/#primaryimage\"},\"thumbnailUrl\":\"https:\/\/base.com\/fr-FR\/blog\/wp-content\/uploads\/2025\/06\/Prestashop-Day.jpeg\",\"keywords\":[\"base.com france\",\"e-commerce\",\"PrestaShop\",\"PrestaShop Day 2025\"],\"articleSection\":[\"E-commerce\",\"Events\"],\"inLanguage\":\"fr-FR\",\"potentialAction\":[{\"@type\":\"CommentAction\",\"name\":\"Comment\",\"target\":[\"https:\/\/base.com\/fr-FR\/blog\/base-france-participe-au-prestashop-day-paris-2025\/#respond\"]}]},{\"@type\":\"WebPage\",\"@id\":\"https:\/\/base.com\/fr-FR\/blog\/base-france-participe-au-prestashop-day-paris-2025\/\",\"url\":\"https:\/\/base.com\/fr-FR\/blog\/base-france-participe-au-prestashop-day-paris-2025\/\",\"name\":\"Base France participe au PrestaShop Day Paris 2025 ! - Base Blog\",\"isPartOf\":{\"@id\":\"https:\/\/base.com\/fr-FR\/blog\/#website\"},\"primaryImageOfPage\":{\"@id\":\"https:\/\/base.com\/fr-FR\/blog\/base-france-participe-au-prestashop-day-paris-2025\/#primaryimage\"},\"image\":{\"@id\":\"https:\/\/base.com\/fr-FR\/blog\/base-france-participe-au-prestashop-day-paris-2025\/#primaryimage\"},\"thumbnailUrl\":\"https:\/\/base.com\/fr-FR\/blog\/wp-content\/uploads\/2025\/06\/Prestashop-Day.jpeg\",\"datePublished\":\"2025-06-06T14:10:30+00:00\",\"description\":\"Base France participe au PrestaShop Day 2025 ! Rencontrez notre \u00e9quipe le 10 juin \u00e0 Paris et d\u00e9couvrez notre solution pour PrestaShop.\",\"breadcrumb\":{\"@id\":\"https:\/\/base.com\/fr-FR\/blog\/base-france-participe-au-prestashop-day-paris-2025\/#breadcrumb\"},\"inLanguage\":\"fr-FR\",\"potentialAction\":[{\"@type\":\"ReadAction\",\"target\":[\"https:\/\/base.com\/fr-FR\/blog\/base-france-participe-au-prestashop-day-paris-2025\/\"]}]},{\"@type\":\"ImageObject\",\"inLanguage\":\"fr-FR\",\"@id\":\"https:\/\/base.com\/fr-FR\/blog\/base-france-participe-au-prestashop-day-paris-2025\/#primaryimage\",\"url\":\"https:\/\/base.com\/fr-FR\/blog\/wp-content\/uploads\/2025\/06\/Prestashop-Day.jpeg\",\"contentUrl\":\"https:\/\/base.com\/fr-FR\/blog\/wp-content\/uploads\/2025\/06\/Prestashop-Day.jpeg\",\"width\":800,\"height\":800},{\"@type\":\"BreadcrumbList\",\"@id\":\"https:\/\/base.com\/fr-FR\/blog\/base-france-participe-au-prestashop-day-paris-2025\/#breadcrumb\",\"itemListElement\":[{\"@type\":\"ListItem\",\"position\":1,\"name\":\"base.blog\",\"item\":\"https:\/\/base.com\/fr-FR\/blog\/\"},{\"@type\":\"ListItem\",\"position\":2,\"name\":\"Events\",\"item\":\"https:\/\/base.com\/fr-FR\/blog\/category\/events\/\"},{\"@type\":\"ListItem\",\"position\":3,\"name\":\"Base France participe au PrestaShop Day Paris 2025 !\"}]},{\"@type\":\"WebSite\",\"@id\":\"https:\/\/base.com\/fr-FR\/blog\/#website\",\"url\":\"https:\/\/base.com\/fr-FR\/blog\/\",\"name\":\"Base Blog\",\"description\":\"Nouvelles possibilit\u00e9s dans Base et mises \u00e0 jour du commerce \u00e9lectronique\",\"publisher\":{\"@id\":\"https:\/\/base.com\/fr-FR\/blog\/#organization\"},\"potentialAction\":[{\"@type\":\"SearchAction\",\"target\":{\"@type\":\"EntryPoint\",\"urlTemplate\":\"https:\/\/base.com\/fr-FR\/blog\/?s={search_term_string}\"},\"query-input\":{\"@type\":\"PropertyValueSpecification\",\"valueRequired\":true,\"valueName\":\"search_term_string\"}}],\"inLanguage\":\"fr-FR\"},{\"@type\":\"Organization\",\"@id\":\"https:\/\/base.com\/fr-FR\/blog\/#organization\",\"name\":\"Base.com Blog FR\",\"alternateName\":\"Base.com\",\"url\":\"https:\/\/base.com\/fr-FR\/blog\/\",\"logo\":{\"@type\":\"ImageObject\",\"inLanguage\":\"fr-FR\",\"@id\":\"https:\/\/base.com\/fr-FR\/blog\/#\/schema\/logo\/image\/\",\"url\":\"https:\/\/base.com\/fr-FR\/blog\/wp-content\/uploads\/2025\/10\/android-icon-512x512-1-300x300-1.png\",\"contentUrl\":\"https:\/\/base.com\/fr-FR\/blog\/wp-content\/uploads\/2025\/10\/android-icon-512x512-1-300x300-1.png\",\"width\":300,\"height\":300,\"caption\":\"Base.com Blog FR\"},\"image\":{\"@id\":\"https:\/\/base.com\/fr-FR\/blog\/#\/schema\/logo\/image\/\"}},{\"@type\":\"Person\",\"@id\":\"https:\/\/base.com\/fr-FR\/blog\/#\/schema\/person\/5a4f106dc328ea8a6a7d87ea48f4f60e\",\"name\":\"Iryna Tessard\",\"image\":{\"@type\":\"ImageObject\",\"inLanguage\":\"fr-FR\",\"@id\":\"https:\/\/base.com\/fr-FR\/blog\/#\/schema\/person\/image\/\",\"url\":\"https:\/\/base.com\/fr-FR\/blog\/wp-content\/uploads\/2025\/04\/photo_blog-96x96.jpg\",\"contentUrl\":\"https:\/\/base.com\/fr-FR\/blog\/wp-content\/uploads\/2025\/04\/photo_blog-96x96.jpg\",\"caption\":\"Iryna Tessard\"},\"sameAs\":[\"https:\/\/www.linkedin.com\/in\/iryna-tessard\/\"],\"url\":\"https:\/\/base.com\/fr-FR\/blog\/author\/iryna-tessard\/\"}]}<\/script>\n<!-- \/ Yoast SEO plugin. -->","yoast_head_json":{"title":"Base France participe au PrestaShop Day Paris 2025 ! - Base Blog","description":"Base France participe au PrestaShop Day 2025 ! Rencontrez notre \u00e9quipe le 10 juin \u00e0 Paris et d\u00e9couvrez notre solution pour PrestaShop.","robots":{"index":"index","follow":"follow","max-snippet":"max-snippet:-1","max-image-preview":"max-image-preview:large","max-video-preview":"max-video-preview:-1"},"canonical":"https:\/\/base.com\/fr-FR\/blog\/base-france-participe-au-prestashop-day-paris-2025\/","og_locale":"fr_FR","og_type":"article","og_title":"Base France participe au PrestaShop Day Paris 2025 ! - Base Blog","og_description":"Base France participe au PrestaShop Day 2025 ! Rencontrez notre \u00e9quipe le 10 juin \u00e0 Paris et d\u00e9couvrez notre solution pour PrestaShop.","og_url":"https:\/\/base.com\/fr-FR\/blog\/base-france-participe-au-prestashop-day-paris-2025\/","og_site_name":"Base Blog","article_published_time":"2025-06-06T14:10:30+00:00","og_image":[{"width":800,"height":800,"url":"https:\/\/base.com\/fr-FR\/blog\/wp-content\/uploads\/2025\/06\/Prestashop-Day.jpeg","type":"image\/jpeg"}],"author":"Iryna Tessard","twitter_card":"summary_large_image","twitter_misc":{"\u00c9crit par":"Iryna Tessard","Dur\u00e9e de lecture estim\u00e9e":"2 minutes"},"schema":{"@context":"https:\/\/schema.org","@graph":[{"@type":"Article","@id":"https:\/\/base.com\/fr-FR\/blog\/base-france-participe-au-prestashop-day-paris-2025\/#article","isPartOf":{"@id":"https:\/\/base.com\/fr-FR\/blog\/base-france-participe-au-prestashop-day-paris-2025\/"},"author":{"name":"Iryna Tessard","@id":"https:\/\/base.com\/fr-FR\/blog\/#\/schema\/person\/5a4f106dc328ea8a6a7d87ea48f4f60e"},"headline":"Base France participe au PrestaShop Day Paris 2025 !","datePublished":"2025-06-06T14:10:30+00:00","mainEntityOfPage":{"@id":"https:\/\/base.com\/fr-FR\/blog\/base-france-participe-au-prestashop-day-paris-2025\/"},"wordCount":227,"commentCount":0,"publisher":{"@id":"https:\/\/base.com\/fr-FR\/blog\/#organization"},"image":{"@id":"https:\/\/base.com\/fr-FR\/blog\/base-france-participe-au-prestashop-day-paris-2025\/#primaryimage"},"thumbnailUrl":"https:\/\/base.com\/fr-FR\/blog\/wp-content\/uploads\/2025\/06\/Prestashop-Day.jpeg","keywords":["base.com france","e-commerce","PrestaShop","PrestaShop Day 2025"],"articleSection":["E-commerce","Events"],"inLanguage":"fr-FR","potentialAction":[{"@type":"CommentAction","name":"Comment","target":["https:\/\/base.com\/fr-FR\/blog\/base-france-participe-au-prestashop-day-paris-2025\/#respond"]}]},{"@type":"WebPage","@id":"https:\/\/base.com\/fr-FR\/blog\/base-france-participe-au-prestashop-day-paris-2025\/","url":"https:\/\/base.com\/fr-FR\/blog\/base-france-participe-au-prestashop-day-paris-2025\/","name":"Base France participe au PrestaShop Day Paris 2025 ! - Base Blog","isPartOf":{"@id":"https:\/\/base.com\/fr-FR\/blog\/#website"},"primaryImageOfPage":{"@id":"https:\/\/base.com\/fr-FR\/blog\/base-france-participe-au-prestashop-day-paris-2025\/#primaryimage"},"image":{"@id":"https:\/\/base.com\/fr-FR\/blog\/base-france-participe-au-prestashop-day-paris-2025\/#primaryimage"},"thumbnailUrl":"https:\/\/base.com\/fr-FR\/blog\/wp-content\/uploads\/2025\/06\/Prestashop-Day.jpeg","datePublished":"2025-06-06T14:10:30+00:00","description":"Base France participe au PrestaShop Day 2025 ! Rencontrez notre \u00e9quipe le 10 juin \u00e0 Paris et d\u00e9couvrez notre solution pour PrestaShop.","breadcrumb":{"@id":"https:\/\/base.com\/fr-FR\/blog\/base-france-participe-au-prestashop-day-paris-2025\/#breadcrumb"},"inLanguage":"fr-FR","potentialAction":[{"@type":"ReadAction","target":["https:\/\/base.com\/fr-FR\/blog\/base-france-participe-au-prestashop-day-paris-2025\/"]}]},{"@type":"ImageObject","inLanguage":"fr-FR","@id":"https:\/\/base.com\/fr-FR\/blog\/base-france-participe-au-prestashop-day-paris-2025\/#primaryimage","url":"https:\/\/base.com\/fr-FR\/blog\/wp-content\/uploads\/2025\/06\/Prestashop-Day.jpeg","contentUrl":"https:\/\/base.com\/fr-FR\/blog\/wp-content\/uploads\/2025\/06\/Prestashop-Day.jpeg","width":800,"height":800},{"@type":"BreadcrumbList","@id":"https:\/\/base.com\/fr-FR\/blog\/base-france-participe-au-prestashop-day-paris-2025\/#breadcrumb","itemListElement":[{"@type":"ListItem","position":1,"name":"base.blog","item":"https:\/\/base.com\/fr-FR\/blog\/"},{"@type":"ListItem","position":2,"name":"Events","item":"https:\/\/base.com\/fr-FR\/blog\/category\/events\/"},{"@type":"ListItem","position":3,"name":"Base France participe au PrestaShop Day Paris 2025 !"}]},{"@type":"WebSite","@id":"https:\/\/base.com\/fr-FR\/blog\/#website","url":"https:\/\/base.com\/fr-FR\/blog\/","name":"Base Blog","description":"Nouvelles possibilit\u00e9s dans Base et mises \u00e0 jour du commerce \u00e9lectronique","publisher":{"@id":"https:\/\/base.com\/fr-FR\/blog\/#organization"},"potentialAction":[{"@type":"SearchAction","target":{"@type":"EntryPoint","urlTemplate":"https:\/\/base.com\/fr-FR\/blog\/?s={search_term_string}"},"query-input":{"@type":"PropertyValueSpecification","valueRequired":true,"valueName":"search_term_string"}}],"inLanguage":"fr-FR"},{"@type":"Organization","@id":"https:\/\/base.com\/fr-FR\/blog\/#organization","name":"Base.com Blog FR","alternateName":"Base.com","url":"https:\/\/base.com\/fr-FR\/blog\/","logo":{"@type":"ImageObject","inLanguage":"fr-FR","@id":"https:\/\/base.com\/fr-FR\/blog\/#\/schema\/logo\/image\/","url":"https:\/\/base.com\/fr-FR\/blog\/wp-content\/uploads\/2025\/10\/android-icon-512x512-1-300x300-1.png","contentUrl":"https:\/\/base.com\/fr-FR\/blog\/wp-content\/uploads\/2025\/10\/android-icon-512x512-1-300x300-1.png","width":300,"height":300,"caption":"Base.com Blog FR"},"image":{"@id":"https:\/\/base.com\/fr-FR\/blog\/#\/schema\/logo\/image\/"}},{"@type":"Person","@id":"https:\/\/base.com\/fr-FR\/blog\/#\/schema\/person\/5a4f106dc328ea8a6a7d87ea48f4f60e","name":"Iryna Tessard","image":{"@type":"ImageObject","inLanguage":"fr-FR","@id":"https:\/\/base.com\/fr-FR\/blog\/#\/schema\/person\/image\/","url":"https:\/\/base.com\/fr-FR\/blog\/wp-content\/uploads\/2025\/04\/photo_blog-96x96.jpg","contentUrl":"https:\/\/base.com\/fr-FR\/blog\/wp-content\/uploads\/2025\/04\/photo_blog-96x96.jpg","caption":"Iryna Tessard"},"sameAs":["https:\/\/www.linkedin.com\/in\/iryna-tessard\/"],"url":"https:\/\/base.com\/fr-FR\/blog\/author\/iryna-tessard\/"}]}},"views":1059,"_links":{"self":[{"href":"https:\/\/base.com\/fr-FR\/blog\/wp-json\/wp\/v2\/posts\/17486","targetHints":{"allow":["GET"]}}],"collection":[{"href":"https:\/\/base.com\/fr-FR\/blog\/wp-json\/wp\/v2\/posts"}],"about":[{"href":"https:\/\/base.com\/fr-FR\/blog\/wp-json\/wp\/v2\/types\/post"}],"author":[{"embeddable":true,"href":"https:\/\/base.com\/fr-FR\/blog\/wp-json\/wp\/v2\/users\/103"}],"replies":[{"embeddable":true,"href":"https:\/\/base.com\/fr-FR\/blog\/wp-json\/wp\/v2\/comments?post=17486"}],"version-history":[{"count":3,"href":"https:\/\/base.com\/fr-FR\/blog\/wp-json\/wp\/v2\/posts\/17486\/revisions"}],"predecessor-version":[{"id":17490,"href":"https:\/\/base.com\/fr-FR\/blog\/wp-json\/wp\/v2\/posts\/17486\/revisions\/17490"}],"wp:featuredmedia":[{"embeddable":true,"href":"https:\/\/base.com\/fr-FR\/blog\/wp-json\/wp\/v2\/media\/17488"}],"wp:attachment":[{"href":"https:\/\/base.com\/fr-FR\/blog\/wp-json\/wp\/v2\/media?parent=17486"}],"wp:term":[{"taxonomy":"category","embeddable":true,"href":"https:\/\/base.com\/fr-FR\/blog\/wp-json\/wp\/v2\/categories?post=17486"},{"taxonomy":"post_tag","embeddable":true,"href":"https:\/\/base.com\/fr-FR\/blog\/wp-json\/wp\/v2\/tags?post=17486"},{"taxonomy":"authors","embeddable":true,"href":"https:\/\/base.com\/fr-FR\/blog\/wp-json\/wp\/v2\/authors?post=17486"}],"curies":[{"name":"wp","href":"https:\/\/api.w.org\/{rel}","templated":true}]}}