{"id":16733,"date":"2024-12-18T12:00:00","date_gmt":"2024-12-18T15:00:00","guid":{"rendered":"https:\/\/base.com\/pt-BR\/blog\/?p=16733"},"modified":"2025-07-21T17:23:18","modified_gmt":"2025-07-21T20:23:18","slug":"black-friday-integrar-ecommerce-e-marketplaces","status":"publish","type":"post","link":"https:\/\/base.com\/pt-BR\/blog\/black-friday-integrar-ecommerce-e-marketplaces\/","title":{"rendered":"Black Friday 2025: Como Integrar E-commerce e Marketplaces\u00a0"},"content":{"rendered":"<div id=\"ez-toc-container\" class=\"ez-toc-v2_0_82 counter-hierarchy ez-toc-counter ez-toc-grey ez-toc-container-direction\">\n<div class=\"ez-toc-title-container\">\n<p class=\"ez-toc-title\" style=\"cursor:inherit\">\u00cdndice<\/p>\n<span class=\"ez-toc-title-toggle\"><a href=\"#\" class=\"ez-toc-pull-right ez-toc-btn ez-toc-btn-xs ez-toc-btn-default ez-toc-toggle\" aria-label=\"Alternar tabela de conte\u00fado\"><span class=\"ez-toc-js-icon-con\"><span class=\"\"><span class=\"eztoc-hide\" style=\"display:none;\">Toggle<\/span><span class=\"ez-toc-icon-toggle-span\"><svg style=\"fill: #999;color:#999\" xmlns=\"http:\/\/www.w3.org\/2000\/svg\" class=\"list-377408\" width=\"20px\" height=\"20px\" viewBox=\"0 0 24 24\" fill=\"none\"><path d=\"M6 6H4v2h2V6zm14 0H8v2h12V6zM4 11h2v2H4v-2zm16 0H8v2h12v-2zM4 16h2v2H4v-2zm16 0H8v2h12v-2z\" fill=\"currentColor\"><\/path><\/svg><svg style=\"fill: #999;color:#999\" class=\"arrow-unsorted-368013\" xmlns=\"http:\/\/www.w3.org\/2000\/svg\" width=\"10px\" height=\"10px\" viewBox=\"0 0 24 24\" version=\"1.2\" baseProfile=\"tiny\"><path d=\"M18.2 9.3l-6.2-6.3-6.2 6.3c-.2.2-.3.4-.3.7s.1.5.3.7c.2.2.4.3.7.3h11c.3 0 .5-.1.7-.3.2-.2.3-.5.3-.7s-.1-.5-.3-.7zM5.8 14.7l6.2 6.3 6.2-6.3c.2-.2.3-.5.3-.7s-.1-.5-.3-.7c-.2-.2-.4-.3-.7-.3h-11c-.3 0-.5.1-.7.3-.2.2-.3.5-.3.7s.1.5.3.7z\"\/><\/svg><\/span><\/span><\/span><\/a><\/span><\/div>\n<nav><ul class='ez-toc-list ez-toc-list-level-1 ' ><li class='ez-toc-page-1 ez-toc-heading-level-2'><a class=\"ez-toc-link ez-toc-heading-1\" href=\"https:\/\/base.com\/pt-BR\/blog\/black-friday-integrar-ecommerce-e-marketplaces\/#Por_que_integrar_e-commerce_e_marketplaces_e_crucial_para_o_sucesso_do_seu_negocio\" >Por que integrar e-commerce e marketplaces \u00e9 crucial para o sucesso do seu neg\u00f3cio?<\/a><\/li><li class='ez-toc-page-1 ez-toc-heading-level-2'><a class=\"ez-toc-link ez-toc-heading-2\" href=\"https:\/\/base.com\/pt-BR\/blog\/black-friday-integrar-ecommerce-e-marketplaces\/#Como_integrar_e-commerce_e_marketplaces_principais_solucoes_e_estrategias\" >Como integrar e-commerce e marketplaces: principais solu\u00e7\u00f5es e estrat\u00e9gias<\/a><\/li><li class='ez-toc-page-1 ez-toc-heading-level-2'><a class=\"ez-toc-link ez-toc-heading-3\" href=\"https:\/\/base.com\/pt-BR\/blog\/black-friday-integrar-ecommerce-e-marketplaces\/#Beneficios_da_integracao_entre_e-commerce_e_marketplaces\" >Benef\u00edcios da integra\u00e7\u00e3o entre e-commerce e marketplaces<\/a><\/li><li class='ez-toc-page-1 ez-toc-heading-level-2'><a class=\"ez-toc-link ez-toc-heading-4\" href=\"https:\/\/base.com\/pt-BR\/blog\/black-friday-integrar-ecommerce-e-marketplaces\/#Estrategias_para_otimizar_as_vendas_ao_integrar_e-commerce_e_marketplaces\" >Estrat\u00e9gias para otimizar as vendas ao integrar e-commerce e marketplaces<\/a><\/li><\/ul><\/nav><\/div>\n\n<article class=\"wp-block-group\"><div class=\"wp-block-group__inner-container is-layout-constrained wp-block-group-is-layout-constrained\">\n<section class=\"wp-block-group\"><div class=\"wp-block-group__inner-container is-layout-constrained wp-block-group-is-layout-constrained\">\n<p class=\"has-normal-font-size\">Integrar e-commerce e marketplaces \u00e9 fundamental para atender todos os pedidos da Black Friday em 2025, uma vez que com isso \u00e9 poss\u00edvel garantir o controle das compras feitas, do estoque e do processo de envio. Deste modo, voc\u00ea n\u00e3o precisa abrir dezenas de p\u00e1ginas de suas lojas digitais para verificar que encomendas foram feitas, pois pode gerar confus\u00e3o e atrapalhar nas etapas seguintes, como os empacotamentos das mercadorias e despachos \u00e0s transportadoras.<\/p>\n\n\n\n<p class=\"has-normal-font-size\">A Black Friday ocorre anualmente e \u00e9 uma estrat\u00e9gia comercial que as lojas utilizam para realizar vendas de diversos produtos com pre\u00e7os mais baixos, pois os clientes s\u00e3o atra\u00eddos pelos pre\u00e7os mais em conta, o que os fazem comprar mais por menos. E \u00e9 preciso se preparar, afinal, a previs\u00e3o de 2024 era <a href=\"https:\/\/portaldocomercio.org.br\/economia\/cnc-estima-que-black-friday-deve-faturar-r-522-bilhoes-em-2024\/\">que o mercado movimente at\u00e9 R$ 5,22 bilh\u00f5es<\/a>.<\/p>\n<\/div><\/section>\n\n\n\n<section class=\"wp-block-group\"><div class=\"wp-block-group__inner-container is-layout-constrained wp-block-group-is-layout-constrained\">\n<h2 class=\"wp-block-heading\"><span class=\"ez-toc-section\" id=\"Por_que_integrar_e-commerce_e_marketplaces_e_crucial_para_o_sucesso_do_seu_negocio\"><\/span>Por que integrar e-commerce e marketplaces \u00e9 crucial para o sucesso do seu neg\u00f3cio?<span class=\"ez-toc-section-end\"><\/span><\/h2>\n\n\n\n<p class=\"has-normal-font-size\">Integrar e-commerce e marketplaces \u00e9 crucial porque voc\u00ea consegue chegar a n\u00famero maior de potenciais clientes, pode impulsionar os resultados e obter maior visibilidade. Destacar os seus produtos \u00e9 mais uma das possibilidades proporcionadas por integrar e-commerce e marketplaces em um mesmo sistema, pois al\u00e9m da agilidade de processar pedidos, voc\u00ea monitora toda a etapa de envio e recebimento das encomendas por parte dos compradores.<\/p>\n\n\n\n<h3 class=\"wp-block-heading\" style=\"font-size:24px\">Aumento da visibilidade e alcance de mercado<\/h3>\n\n\n\n<p class=\"has-normal-font-size\">Normalmente, os marketplaces possuem um n\u00famero alto de visitantes, o que pode ser ainda maior por meio da uni\u00e3o com o e-commerce. Dessa forma, voc\u00ea pode atingir um alcance elevado no mercado, o que aumenta as chances de se relacionar melhor com os potenciais clientes e concretizar boas vendas.&nbsp;<\/p>\n\n\n\n<h3 class=\"wp-block-heading\" style=\"font-size:24px\">Gest\u00e3o centralizada de vendas e invent\u00e1rio<\/h3>\n\n\n\n<p class=\"has-normal-font-size\">Todos os produtos presentes em estoque ou invent\u00e1rio s\u00e3o centralizados, ou seja, voc\u00ea os organiza em um mesmo espa\u00e7o ou reposit\u00f3rio. Com mais facilidade, voc\u00ea tem acesso \u00e0s mercadorias, consegue verificar a quantidade dispon\u00edvel e n\u00famero de sa\u00edda dos itens, o que melhora a sua administra\u00e7\u00e3o e gest\u00e3o.<\/p>\n\n\n\n<h3 class=\"wp-block-heading\" style=\"font-size:24px\">Otimiza\u00e7\u00e3o de processos e aumento de efici\u00eancia<\/h3>\n\n\n\n<p class=\"has-normal-font-size\">Processos repetitivos e que te fazem perder muito tempo podem ser otimizados por meio do painel de gest\u00e3o da Base.com. Elimine tarefas repetidas, controle erros e acompanhe todas as informa\u00e7\u00f5es que voc\u00ea precisa em um \u00fanico ambiente, onde voc\u00ea pode incluir as suas principais lojas digitais para monitorar em tempo real.<\/p>\n<\/div><\/section>\n\n\n\n<section class=\"wp-block-group\"><div class=\"wp-block-group__inner-container is-layout-constrained wp-block-group-is-layout-constrained\">\n<h2 class=\"wp-block-heading\"><span class=\"ez-toc-section\" id=\"Como_integrar_e-commerce_e_marketplaces_principais_solucoes_e_estrategias\"><\/span>Como integrar e-commerce e marketplaces: principais solu\u00e7\u00f5es e estrat\u00e9gias<span class=\"ez-toc-section-end\"><\/span><\/h2>\n\n\n\n<p class=\"has-normal-font-size\">Integrar e-commerce e marketplaces pode exigir uma an\u00e1lise maior das principais op\u00e7\u00f5es de plataformas e dos servi\u00e7os oferecidos. Nem todas realmente oferecem boas funcionalidades, n\u00e3o v\u00e3o tornar a sua experi\u00eancia verdadeiramente positiva e podem atrapalhar integralmente o seu trabalho administrativo.<\/p>\n\n\n\n<h3 class=\"wp-block-heading\" style=\"font-size:24px\">Plataformas de integra\u00e7\u00e3o de e-commerce e marketplaces<\/h3>\n\n\n\n<p class=\"has-normal-font-size\">A Base.com \u00e9 a melhor plataforma para integrar e-commerce e marketplaces! Com ela, voc\u00ea consegue combin\u00e1-los por meio de diversas configura\u00e7\u00f5es que correspondam \u00e0s suas necessidades. Fa\u00e7a agora o teste gr\u00e1tis para conferir na pr\u00e1tica o funcionamento do sistema e como ele realmente pode te ajudar!<\/p>\n\n\n\n<h3 class=\"wp-block-heading\" style=\"font-size:24px\">APIs e solu\u00e7\u00f5es personalizadas<\/h3>\n\n\n\n<p class=\"has-normal-font-size\">Os APIs para integrar e-commerce e marketplaces facilitam a intera\u00e7\u00e3o entre os sistemas para proporcionar um servi\u00e7o eficiente e organizado aos usu\u00e1rios, como o <em>Slack<\/em>, <em>Responso<\/em> e BaseLinker Connect. Em conjunto dessa ferramenta, voc\u00ea pode contar com servi\u00e7os de entrega, como <em>Shopee Delivery<\/em>, <em>Shein Shipping <\/em>e <em>Amazon Easy Ship <\/em>para enviar os seus produtos com mais rapidez.<\/p>\n\n\n\n<h3 class=\"wp-block-heading\" style=\"font-size:24px\">Conectar seu ERP ao e-commerce e marketplaces<\/h3>\n\n\n\n<p class=\"has-normal-font-size\">Com facilidade, voc\u00ea consegue conectar o seu ERP no sistema da Base.com para gerenciar as informa\u00e7\u00f5es em instantes e ter controle da gest\u00e3o financeira. Tudo o que voc\u00ea deve fazer \u00e9 selecionar em nossa lista o tipo de sistema que voc\u00ea est\u00e1 acostumado a trabalhar e implementar em conjunto do e-commerce e marketplaces.<\/p>\n<\/div><\/section>\n\n\n\n<section class=\"wp-block-group\"><div class=\"wp-block-group__inner-container is-layout-constrained wp-block-group-is-layout-constrained\">\n<h2 class=\"wp-block-heading\"><span class=\"ez-toc-section\" id=\"Beneficios_da_integracao_entre_e-commerce_e_marketplaces\"><\/span>Benef\u00edcios da integra\u00e7\u00e3o entre e-commerce e marketplaces<span class=\"ez-toc-section-end\"><\/span><\/h2>\n\n\n\n<p class=\"has-normal-font-size\">Ao optar por integrar e-commerce e marketplaces, voc\u00ea deixa de realizar procedimentos mais demorados, consegue ter acesso aos pedidos dos seus clientes em instantes e j\u00e1 realiza os processamentos. Para a sua empresa, \u00e9 uma maneira de se destacar dos concorrentes, obter mais autoridade e se consolidar no mercado. Confira os principais benef\u00edcios dessa jun\u00e7\u00e3o:<\/p>\n\n\n\n<ul class=\"wp-block-list has-normal-font-size\">\n<li>Maior Alcance de Mercado: voc\u00ea consegue chegar a mais potenciais clientes;<\/li>\n\n\n\n<li>Gest\u00e3o Centralizada de Vendas: o estoque fica mais organizado e te permite ter controle de entradas e sa\u00eddas de mercadorias;<\/li>\n\n\n\n<li>Automatiza\u00e7\u00e3o de Processos: os servi\u00e7os ficam automatizados, o que pode prevenir os retrabalhos;<\/li>\n\n\n\n<li>Redu\u00e7\u00e3o de Custos Operacionais: com a mitiga\u00e7\u00e3o de erros, os custos em opera\u00e7\u00f5es s\u00e3o diminu\u00eddos;<\/li>\n\n\n\n<li>Controle em Tempo Real de Estoque: monitore o estoque em tempo integral e saiba quando compras s\u00e3o feitas;<\/li>\n\n\n\n<li>Gest\u00e3o de Pre\u00e7os e Promo\u00e7\u00f5es Simplificada: possibilidade de modificar pre\u00e7os e realizar promo\u00e7\u00f5es;<\/li>\n\n\n\n<li>Aumento da Taxa de Convers\u00e3o: oportunidade de converter leads em clientes com menos dificuldades;<\/li>\n\n\n\n<li>Melhora na Experi\u00eancia do Cliente: com a realiza\u00e7\u00e3o de servi\u00e7os \u00e1geis, voc\u00ea torna a experi\u00eancia de compra dos seus leads mais agrad\u00e1vel;<\/li>\n\n\n\n<li>Redu\u00e7\u00e3o de Erros Operacionais: controle de erros eficiente por atuar em nossa plataforma;<\/li>\n\n\n\n<li>Facilidade na Gest\u00e3o de Multicanal: tenha acesso a diferentes canais e gerencie as informa\u00e7\u00f5es em segundos;<\/li>\n\n\n\n<li>Otimiza\u00e7\u00e3o da Log\u00edstica e Entrega: chance de aprimorar a log\u00edstica e os servi\u00e7os de entregas para evitar atrasos.<\/li>\n<\/ul>\n\n\n\n<p class=\"has-normal-font-size\">Um dos fatores determinantes para os clientes comprarem no marketplace e e-commerce \u00e9 o frete gratuito ou r\u00e1pido. Por esse motivo, voc\u00ea precisa se certificar de que esse servi\u00e7o esteja dispon\u00edvel para atrair um n\u00famero maior de potenciais clientes interessados em comprar.&nbsp;<\/p>\n\n\n\n<p class=\"has-normal-font-size\">N\u00e3o atuar com um sistema otimizado faz com que voc\u00ea lide com mais erros, tenha dificuldade de acompanhar os pedidos e n\u00e3o consiga atualizar o sistema em tempo real. Os processos se tornam mais repetitivos e cansativos por causa desses problemas, mas que podem ser solucionados com o painel completo da Base.com que te ajuda na etapa de gerenciamento.<\/p>\n<\/div><\/section>\n\n\n\n<section class=\"wp-block-group\"><div class=\"wp-block-group__inner-container is-layout-constrained wp-block-group-is-layout-constrained\">\n<h2 class=\"wp-block-heading\"><span class=\"ez-toc-section\" id=\"Estrategias_para_otimizar_as_vendas_ao_integrar_e-commerce_e_marketplaces\"><\/span>Estrat\u00e9gias para otimizar as vendas ao integrar e-commerce e marketplaces<span class=\"ez-toc-section-end\"><\/span><\/h2>\n\n\n\n<p class=\"has-normal-font-size\">Existem estrat\u00e9gias para integrar e-commerce e marketplaces que podem auxiliar na otimiza\u00e7\u00e3o das vendas. Indicamos que voc\u00ea monte relat\u00f3rios para ter controle do que precisa ser feito a fim de n\u00e3o esquecer nenhuma etapa, assim, voc\u00ea consegue marcar as que foram conclu\u00eddas e se organiza para finalizar as que est\u00e3o pendentes.<\/p>\n\n\n\n<h3 class=\"wp-block-heading\" style=\"font-size:24px\">Manter a consist\u00eancia da marca em todos os canais<\/h3>\n\n\n\n<p class=\"has-normal-font-size\">Todos os seus canais de marketing precisam representar por igual \u00e0 imagem e a mensagem da sua empresa para manter a conex\u00e3o com os potenciais clientes. Portanto, tenha aten\u00e7\u00e3o quanto ao que \u00e9 divulgado e estrat\u00e9gias usadas para permanecerem alinhados aos valores e identidade definidos para a sua marca.&nbsp;<\/p>\n\n\n\n<h3 class=\"wp-block-heading\" style=\"font-size:24px\">Monitoramento de performance e ajustes constantes<\/h3>\n\n\n\n<p class=\"has-normal-font-size\">Monitorar a performance dos seus neg\u00f3cios ap\u00f3s integrar e-commerce e marketplaces precisa acontecer com frequ\u00eancia. Se for necess\u00e1rio, voc\u00ea consegue realizar ajustes pontuais em instantes, evitando que o pequeno erro se torne uma falha cr\u00edtica que prejudique as estrat\u00e9gias por voc\u00ea definidas.&nbsp;<\/p>\n\n\n\n<p class=\"has-normal-font-size\">Com o nosso sistema, voc\u00ea consegue verificar as informa\u00e7\u00f5es que precisa em instantes e j\u00e1 consegue tomar decis\u00f5es assertivas. Dessa forma, voc\u00ea garante que cada uma das etapas da log\u00edstica aconte\u00e7am como esperado, que erros sejam prevenidos e a experi\u00eancia positiva dos clientes seja alcan\u00e7ada com \u00eaxito.<\/p>\n\n\n\n<h3 class=\"wp-block-heading\" style=\"font-size:24px\">Promo\u00e7\u00f5es e campanhas multicanal<\/h3>\n\n\n\n<p class=\"has-normal-font-size\">Realize promo\u00e7\u00f5es dos seus produtos por meio de campanhas multicanais, ou seja, pelo Facebook, Instagram, Google e TikTok que s\u00e3o algumas das op\u00e7\u00f5es mais populares. Estar onde o seu p\u00fablico est\u00e1 \u00e9 t\u00e3o importante quanto se organizar para a Black Friday de 2025, pois se voc\u00ea tem um bom engajamento, consegue atrair os leads at\u00e9 as suas lojas digitais para poder vender.<\/p>\n\n\n\n<p class=\"has-normal-font-size\">A inatividade nos meios de comunica\u00e7\u00e3o \u00e9 muito prejudicial, mas voc\u00ea pode solucionar essa quest\u00e3o por meio do envio de mensagens por WhatsApp e e-mail. Desenvolver novas estrat\u00e9gias para ter sucesso ao integrar e-commerce e marketplaces, permite que voc\u00ea consiga se relacionar melhor com os potenciais clientes, al\u00e9m de tirar d\u00favidas e fazer campanhas de remarketing com compradores mais antigos.<\/p>\n\n\n\n<p class=\"has-normal-font-size\">Fa\u00e7a a gest\u00e3o de pedidos, produtos, envios e automatize o seu fluxo de trabalho ao integrar e-commerce e marketplaces com a Base.com. Disponibilizamos o teste gratuito de 14 dias e tudo o que voc\u00ea precisa fazer \u00e9 preencher o formul\u00e1rio com as informa\u00e7\u00f5es solicitadas para come\u00e7ar a usar o sistema!<\/p>\n<\/div><\/section>\n<\/div><\/article>\n","protected":false},"excerpt":{"rendered":"<p>Confira como integrar e-commerce e marketplaces com a Base.com e de que forma voc\u00ea pode ter controle do seu estoque. Saiba mais agora!<\/p>\n","protected":false},"author":105,"featured_media":16745,"comment_status":"open","ping_status":"open","sticky":false,"template":"","format":"standard","meta":{"_acf_changed":false,"footnotes":""},"categories":[718],"tags":[],"authors":[],"class_list":["post-16733","post","type-post","status-publish","format-standard","has-post-thumbnail","hentry","category-black-friday"],"acf":[],"yoast_head":"<!-- This site is optimized with the Yoast SEO plugin v27.2 - https:\/\/yoast.com\/product\/yoast-seo-wordpress\/ -->\n<title>Black Friday 2025: Como integrar E-commerce e Marketplaces<\/title>\n<meta name=\"description\" content=\"Confira como integrar e-commerce e marketplaces com a Base.com e de que forma voc\u00ea pode ter controle do seu estoque. Saiba mais agora!\" \/>\n<meta name=\"robots\" content=\"index, follow, max-snippet:-1, max-image-preview:large, max-video-preview:-1\" \/>\n<link rel=\"canonical\" href=\"https:\/\/base.com\/pt-BR\/blog\/black-friday-integrar-ecommerce-e-marketplaces\/\" \/>\n<meta property=\"og:locale\" content=\"pt_BR\" \/>\n<meta property=\"og:type\" content=\"article\" \/>\n<meta property=\"og:title\" content=\"Black Friday 2025: Como integrar E-commerce e Marketplaces\" \/>\n<meta property=\"og:description\" content=\"Confira como integrar e-commerce e marketplaces com a Base.com e de que forma voc\u00ea pode ter controle do seu estoque. Saiba mais agora!\" \/>\n<meta property=\"og:url\" content=\"https:\/\/base.com\/pt-BR\/blog\/black-friday-integrar-ecommerce-e-marketplaces\/\" \/>\n<meta property=\"og:site_name\" content=\"Base Blog\" \/>\n<meta property=\"article:published_time\" content=\"2024-12-18T15:00:00+00:00\" \/>\n<meta property=\"article:modified_time\" content=\"2025-07-21T20:23:18+00:00\" \/>\n<meta property=\"og:image\" content=\"https:\/\/base.com\/pt-BR\/blog\/wp-content\/uploads\/2024\/12\/blog-black-friday-integrar-ecommerce-e-marketplaces.webp\" \/>\n\t<meta property=\"og:image:width\" content=\"800\" \/>\n\t<meta property=\"og:image:height\" content=\"450\" \/>\n\t<meta property=\"og:image:type\" content=\"image\/webp\" \/>\n<meta name=\"author\" content=\"J\u00e9ssica Benet\u00e3o\" \/>\n<meta name=\"twitter:card\" content=\"summary_large_image\" \/>\n<meta name=\"twitter:label1\" content=\"Escrito por\" \/>\n\t<meta name=\"twitter:data1\" content=\"J\u00e9ssica Benet\u00e3o\" \/>\n\t<meta name=\"twitter:label2\" content=\"Est. tempo de leitura\" \/>\n\t<meta name=\"twitter:data2\" content=\"8 minutos\" \/>\n<script type=\"application\/ld+json\" class=\"yoast-schema-graph\">{\"@context\":\"https:\/\/schema.org\",\"@graph\":[{\"@type\":\"Article\",\"@id\":\"https:\/\/base.com\/pt-BR\/blog\/black-friday-integrar-ecommerce-e-marketplaces\/#article\",\"isPartOf\":{\"@id\":\"https:\/\/base.com\/pt-BR\/blog\/black-friday-integrar-ecommerce-e-marketplaces\/\"},\"author\":{\"name\":\"J\u00e9ssica Benet\u00e3o\",\"@id\":\"https:\/\/base.com\/pt-BR\/blog\/#\/schema\/person\/35068e60ceb3d4d5f076f25eade68334\"},\"headline\":\"Black Friday 2025: Como Integrar E-commerce e Marketplaces\u00a0\",\"datePublished\":\"2024-12-18T15:00:00+00:00\",\"dateModified\":\"2025-07-21T20:23:18+00:00\",\"mainEntityOfPage\":{\"@id\":\"https:\/\/base.com\/pt-BR\/blog\/black-friday-integrar-ecommerce-e-marketplaces\/\"},\"wordCount\":1454,\"commentCount\":0,\"publisher\":{\"@id\":\"https:\/\/base.com\/pt-BR\/blog\/#organization\"},\"image\":{\"@id\":\"https:\/\/base.com\/pt-BR\/blog\/black-friday-integrar-ecommerce-e-marketplaces\/#primaryimage\"},\"thumbnailUrl\":\"https:\/\/base.com\/pt-BR\/blog\/wp-content\/uploads\/2024\/12\/blog-black-friday-integrar-ecommerce-e-marketplaces.webp\",\"articleSection\":[\"Black Friday\"],\"inLanguage\":\"pt-BR\",\"potentialAction\":[{\"@type\":\"CommentAction\",\"name\":\"Comment\",\"target\":[\"https:\/\/base.com\/pt-BR\/blog\/black-friday-integrar-ecommerce-e-marketplaces\/#respond\"]}]},{\"@type\":\"WebPage\",\"@id\":\"https:\/\/base.com\/pt-BR\/blog\/black-friday-integrar-ecommerce-e-marketplaces\/\",\"url\":\"https:\/\/base.com\/pt-BR\/blog\/black-friday-integrar-ecommerce-e-marketplaces\/\",\"name\":\"Black Friday 2025: Como integrar E-commerce e Marketplaces\",\"isPartOf\":{\"@id\":\"https:\/\/base.com\/pt-BR\/blog\/#website\"},\"primaryImageOfPage\":{\"@id\":\"https:\/\/base.com\/pt-BR\/blog\/black-friday-integrar-ecommerce-e-marketplaces\/#primaryimage\"},\"image\":{\"@id\":\"https:\/\/base.com\/pt-BR\/blog\/black-friday-integrar-ecommerce-e-marketplaces\/#primaryimage\"},\"thumbnailUrl\":\"https:\/\/base.com\/pt-BR\/blog\/wp-content\/uploads\/2024\/12\/blog-black-friday-integrar-ecommerce-e-marketplaces.webp\",\"datePublished\":\"2024-12-18T15:00:00+00:00\",\"dateModified\":\"2025-07-21T20:23:18+00:00\",\"description\":\"Confira como integrar e-commerce e marketplaces com a Base.com e de que forma voc\u00ea pode ter controle do seu estoque. Saiba mais agora!\",\"breadcrumb\":{\"@id\":\"https:\/\/base.com\/pt-BR\/blog\/black-friday-integrar-ecommerce-e-marketplaces\/#breadcrumb\"},\"inLanguage\":\"pt-BR\",\"potentialAction\":[{\"@type\":\"ReadAction\",\"target\":[\"https:\/\/base.com\/pt-BR\/blog\/black-friday-integrar-ecommerce-e-marketplaces\/\"]}]},{\"@type\":\"ImageObject\",\"inLanguage\":\"pt-BR\",\"@id\":\"https:\/\/base.com\/pt-BR\/blog\/black-friday-integrar-ecommerce-e-marketplaces\/#primaryimage\",\"url\":\"https:\/\/base.com\/pt-BR\/blog\/wp-content\/uploads\/2024\/12\/blog-black-friday-integrar-ecommerce-e-marketplaces.webp\",\"contentUrl\":\"https:\/\/base.com\/pt-BR\/blog\/wp-content\/uploads\/2024\/12\/blog-black-friday-integrar-ecommerce-e-marketplaces.webp\",\"width\":800,\"height\":450,\"caption\":\"Black Friday 2025: Como Integrar E-commerce e Marketplaces\u00a0\"},{\"@type\":\"BreadcrumbList\",\"@id\":\"https:\/\/base.com\/pt-BR\/blog\/black-friday-integrar-ecommerce-e-marketplaces\/#breadcrumb\",\"itemListElement\":[{\"@type\":\"ListItem\",\"position\":1,\"name\":\"base.blog\",\"item\":\"https:\/\/base.com\/pt-BR\/blog\/\"},{\"@type\":\"ListItem\",\"position\":2,\"name\":\"Base\",\"item\":\"https:\/\/base.com\/pt-BR\/blog\/category\/base\/\"},{\"@type\":\"ListItem\",\"position\":3,\"name\":\"Black Friday\",\"item\":\"https:\/\/base.com\/pt-BR\/blog\/category\/base\/black-friday\/\"},{\"@type\":\"ListItem\",\"position\":4,\"name\":\"Black Friday 2025: Como Integrar E-commerce e Marketplaces\u00a0\"}]},{\"@type\":\"WebSite\",\"@id\":\"https:\/\/base.com\/pt-BR\/blog\/#website\",\"url\":\"https:\/\/base.com\/pt-BR\/blog\/\",\"name\":\"Base Blog\",\"description\":\"Novidades e Atualiza\u00e7\u00f5es da Base e suas integra\u00e7\u00f5es\",\"publisher\":{\"@id\":\"https:\/\/base.com\/pt-BR\/blog\/#organization\"},\"potentialAction\":[{\"@type\":\"SearchAction\",\"target\":{\"@type\":\"EntryPoint\",\"urlTemplate\":\"https:\/\/base.com\/pt-BR\/blog\/?s={search_term_string}\"},\"query-input\":{\"@type\":\"PropertyValueSpecification\",\"valueRequired\":true,\"valueName\":\"search_term_string\"}}],\"inLanguage\":\"pt-BR\"},{\"@type\":\"Organization\",\"@id\":\"https:\/\/base.com\/pt-BR\/blog\/#organization\",\"name\":\"Base.com Blog BR\",\"alternateName\":\"Base.com\",\"url\":\"https:\/\/base.com\/pt-BR\/blog\/\",\"logo\":{\"@type\":\"ImageObject\",\"inLanguage\":\"pt-BR\",\"@id\":\"https:\/\/base.com\/pt-BR\/blog\/#\/schema\/logo\/image\/\",\"url\":\"https:\/\/base.com\/pt-BR\/blog\/wp-content\/uploads\/2025\/10\/android-icon-512x512-1-300x300-1.png\",\"contentUrl\":\"https:\/\/base.com\/pt-BR\/blog\/wp-content\/uploads\/2025\/10\/android-icon-512x512-1-300x300-1.png\",\"width\":300,\"height\":300,\"caption\":\"Base.com Blog BR\"},\"image\":{\"@id\":\"https:\/\/base.com\/pt-BR\/blog\/#\/schema\/logo\/image\/\"}},{\"@type\":\"Person\",\"@id\":\"https:\/\/base.com\/pt-BR\/blog\/#\/schema\/person\/35068e60ceb3d4d5f076f25eade68334\",\"name\":\"J\u00e9ssica Benet\u00e3o\",\"image\":{\"@type\":\"ImageObject\",\"inLanguage\":\"pt-BR\",\"@id\":\"https:\/\/secure.gravatar.com\/avatar\/b11320421926629b991a6d9be95043691b24d731a55a5180a2839d09c37b99e7?s=96&d=mm&r=g\",\"url\":\"https:\/\/secure.gravatar.com\/avatar\/b11320421926629b991a6d9be95043691b24d731a55a5180a2839d09c37b99e7?s=96&d=mm&r=g\",\"contentUrl\":\"https:\/\/secure.gravatar.com\/avatar\/b11320421926629b991a6d9be95043691b24d731a55a5180a2839d09c37b99e7?s=96&d=mm&r=g\",\"caption\":\"J\u00e9ssica Benet\u00e3o\"},\"url\":\"https:\/\/base.com\/pt-BR\/blog\/author\/j-benetaobaselinker-com\/\"}]}<\/script>\n<!-- \/ Yoast SEO plugin. -->","yoast_head_json":{"title":"Black Friday 2025: Como integrar E-commerce e Marketplaces","description":"Confira como integrar e-commerce e marketplaces com a Base.com e de que forma voc\u00ea pode ter controle do seu estoque. Saiba mais agora!","robots":{"index":"index","follow":"follow","max-snippet":"max-snippet:-1","max-image-preview":"max-image-preview:large","max-video-preview":"max-video-preview:-1"},"canonical":"https:\/\/base.com\/pt-BR\/blog\/black-friday-integrar-ecommerce-e-marketplaces\/","og_locale":"pt_BR","og_type":"article","og_title":"Black Friday 2025: Como integrar E-commerce e Marketplaces","og_description":"Confira como integrar e-commerce e marketplaces com a Base.com e de que forma voc\u00ea pode ter controle do seu estoque. Saiba mais agora!","og_url":"https:\/\/base.com\/pt-BR\/blog\/black-friday-integrar-ecommerce-e-marketplaces\/","og_site_name":"Base Blog","article_published_time":"2024-12-18T15:00:00+00:00","article_modified_time":"2025-07-21T20:23:18+00:00","og_image":[{"width":800,"height":450,"url":"https:\/\/base.com\/pt-BR\/blog\/wp-content\/uploads\/2024\/12\/blog-black-friday-integrar-ecommerce-e-marketplaces.webp","type":"image\/webp"}],"author":"J\u00e9ssica Benet\u00e3o","twitter_card":"summary_large_image","twitter_misc":{"Escrito por":"J\u00e9ssica Benet\u00e3o","Est. tempo de leitura":"8 minutos"},"schema":{"@context":"https:\/\/schema.org","@graph":[{"@type":"Article","@id":"https:\/\/base.com\/pt-BR\/blog\/black-friday-integrar-ecommerce-e-marketplaces\/#article","isPartOf":{"@id":"https:\/\/base.com\/pt-BR\/blog\/black-friday-integrar-ecommerce-e-marketplaces\/"},"author":{"name":"J\u00e9ssica Benet\u00e3o","@id":"https:\/\/base.com\/pt-BR\/blog\/#\/schema\/person\/35068e60ceb3d4d5f076f25eade68334"},"headline":"Black Friday 2025: Como Integrar E-commerce e Marketplaces\u00a0","datePublished":"2024-12-18T15:00:00+00:00","dateModified":"2025-07-21T20:23:18+00:00","mainEntityOfPage":{"@id":"https:\/\/base.com\/pt-BR\/blog\/black-friday-integrar-ecommerce-e-marketplaces\/"},"wordCount":1454,"commentCount":0,"publisher":{"@id":"https:\/\/base.com\/pt-BR\/blog\/#organization"},"image":{"@id":"https:\/\/base.com\/pt-BR\/blog\/black-friday-integrar-ecommerce-e-marketplaces\/#primaryimage"},"thumbnailUrl":"https:\/\/base.com\/pt-BR\/blog\/wp-content\/uploads\/2024\/12\/blog-black-friday-integrar-ecommerce-e-marketplaces.webp","articleSection":["Black Friday"],"inLanguage":"pt-BR","potentialAction":[{"@type":"CommentAction","name":"Comment","target":["https:\/\/base.com\/pt-BR\/blog\/black-friday-integrar-ecommerce-e-marketplaces\/#respond"]}]},{"@type":"WebPage","@id":"https:\/\/base.com\/pt-BR\/blog\/black-friday-integrar-ecommerce-e-marketplaces\/","url":"https:\/\/base.com\/pt-BR\/blog\/black-friday-integrar-ecommerce-e-marketplaces\/","name":"Black Friday 2025: Como integrar E-commerce e Marketplaces","isPartOf":{"@id":"https:\/\/base.com\/pt-BR\/blog\/#website"},"primaryImageOfPage":{"@id":"https:\/\/base.com\/pt-BR\/blog\/black-friday-integrar-ecommerce-e-marketplaces\/#primaryimage"},"image":{"@id":"https:\/\/base.com\/pt-BR\/blog\/black-friday-integrar-ecommerce-e-marketplaces\/#primaryimage"},"thumbnailUrl":"https:\/\/base.com\/pt-BR\/blog\/wp-content\/uploads\/2024\/12\/blog-black-friday-integrar-ecommerce-e-marketplaces.webp","datePublished":"2024-12-18T15:00:00+00:00","dateModified":"2025-07-21T20:23:18+00:00","description":"Confira como integrar e-commerce e marketplaces com a Base.com e de que forma voc\u00ea pode ter controle do seu estoque. Saiba mais agora!","breadcrumb":{"@id":"https:\/\/base.com\/pt-BR\/blog\/black-friday-integrar-ecommerce-e-marketplaces\/#breadcrumb"},"inLanguage":"pt-BR","potentialAction":[{"@type":"ReadAction","target":["https:\/\/base.com\/pt-BR\/blog\/black-friday-integrar-ecommerce-e-marketplaces\/"]}]},{"@type":"ImageObject","inLanguage":"pt-BR","@id":"https:\/\/base.com\/pt-BR\/blog\/black-friday-integrar-ecommerce-e-marketplaces\/#primaryimage","url":"https:\/\/base.com\/pt-BR\/blog\/wp-content\/uploads\/2024\/12\/blog-black-friday-integrar-ecommerce-e-marketplaces.webp","contentUrl":"https:\/\/base.com\/pt-BR\/blog\/wp-content\/uploads\/2024\/12\/blog-black-friday-integrar-ecommerce-e-marketplaces.webp","width":800,"height":450,"caption":"Black Friday 2025: Como Integrar E-commerce e Marketplaces\u00a0"},{"@type":"BreadcrumbList","@id":"https:\/\/base.com\/pt-BR\/blog\/black-friday-integrar-ecommerce-e-marketplaces\/#breadcrumb","itemListElement":[{"@type":"ListItem","position":1,"name":"base.blog","item":"https:\/\/base.com\/pt-BR\/blog\/"},{"@type":"ListItem","position":2,"name":"Base","item":"https:\/\/base.com\/pt-BR\/blog\/category\/base\/"},{"@type":"ListItem","position":3,"name":"Black Friday","item":"https:\/\/base.com\/pt-BR\/blog\/category\/base\/black-friday\/"},{"@type":"ListItem","position":4,"name":"Black Friday 2025: Como Integrar E-commerce e Marketplaces\u00a0"}]},{"@type":"WebSite","@id":"https:\/\/base.com\/pt-BR\/blog\/#website","url":"https:\/\/base.com\/pt-BR\/blog\/","name":"Base Blog","description":"Novidades e Atualiza\u00e7\u00f5es da Base e suas integra\u00e7\u00f5es","publisher":{"@id":"https:\/\/base.com\/pt-BR\/blog\/#organization"},"potentialAction":[{"@type":"SearchAction","target":{"@type":"EntryPoint","urlTemplate":"https:\/\/base.com\/pt-BR\/blog\/?s={search_term_string}"},"query-input":{"@type":"PropertyValueSpecification","valueRequired":true,"valueName":"search_term_string"}}],"inLanguage":"pt-BR"},{"@type":"Organization","@id":"https:\/\/base.com\/pt-BR\/blog\/#organization","name":"Base.com Blog BR","alternateName":"Base.com","url":"https:\/\/base.com\/pt-BR\/blog\/","logo":{"@type":"ImageObject","inLanguage":"pt-BR","@id":"https:\/\/base.com\/pt-BR\/blog\/#\/schema\/logo\/image\/","url":"https:\/\/base.com\/pt-BR\/blog\/wp-content\/uploads\/2025\/10\/android-icon-512x512-1-300x300-1.png","contentUrl":"https:\/\/base.com\/pt-BR\/blog\/wp-content\/uploads\/2025\/10\/android-icon-512x512-1-300x300-1.png","width":300,"height":300,"caption":"Base.com Blog BR"},"image":{"@id":"https:\/\/base.com\/pt-BR\/blog\/#\/schema\/logo\/image\/"}},{"@type":"Person","@id":"https:\/\/base.com\/pt-BR\/blog\/#\/schema\/person\/35068e60ceb3d4d5f076f25eade68334","name":"J\u00e9ssica Benet\u00e3o","image":{"@type":"ImageObject","inLanguage":"pt-BR","@id":"https:\/\/secure.gravatar.com\/avatar\/b11320421926629b991a6d9be95043691b24d731a55a5180a2839d09c37b99e7?s=96&d=mm&r=g","url":"https:\/\/secure.gravatar.com\/avatar\/b11320421926629b991a6d9be95043691b24d731a55a5180a2839d09c37b99e7?s=96&d=mm&r=g","contentUrl":"https:\/\/secure.gravatar.com\/avatar\/b11320421926629b991a6d9be95043691b24d731a55a5180a2839d09c37b99e7?s=96&d=mm&r=g","caption":"J\u00e9ssica Benet\u00e3o"},"url":"https:\/\/base.com\/pt-BR\/blog\/author\/j-benetaobaselinker-com\/"}]}},"views":847,"_links":{"self":[{"href":"https:\/\/base.com\/pt-BR\/blog\/wp-json\/wp\/v2\/posts\/16733","targetHints":{"allow":["GET"]}}],"collection":[{"href":"https:\/\/base.com\/pt-BR\/blog\/wp-json\/wp\/v2\/posts"}],"about":[{"href":"https:\/\/base.com\/pt-BR\/blog\/wp-json\/wp\/v2\/types\/post"}],"author":[{"embeddable":true,"href":"https:\/\/base.com\/pt-BR\/blog\/wp-json\/wp\/v2\/users\/105"}],"replies":[{"embeddable":true,"href":"https:\/\/base.com\/pt-BR\/blog\/wp-json\/wp\/v2\/comments?post=16733"}],"version-history":[{"count":1,"href":"https:\/\/base.com\/pt-BR\/blog\/wp-json\/wp\/v2\/posts\/16733\/revisions"}],"predecessor-version":[{"id":16734,"href":"https:\/\/base.com\/pt-BR\/blog\/wp-json\/wp\/v2\/posts\/16733\/revisions\/16734"}],"wp:featuredmedia":[{"embeddable":true,"href":"https:\/\/base.com\/pt-BR\/blog\/wp-json\/wp\/v2\/media\/16745"}],"wp:attachment":[{"href":"https:\/\/base.com\/pt-BR\/blog\/wp-json\/wp\/v2\/media?parent=16733"}],"wp:term":[{"taxonomy":"category","embeddable":true,"href":"https:\/\/base.com\/pt-BR\/blog\/wp-json\/wp\/v2\/categories?post=16733"},{"taxonomy":"post_tag","embeddable":true,"href":"https:\/\/base.com\/pt-BR\/blog\/wp-json\/wp\/v2\/tags?post=16733"},{"taxonomy":"authors","embeddable":true,"href":"https:\/\/base.com\/pt-BR\/blog\/wp-json\/wp\/v2\/authors?post=16733"}],"curies":[{"name":"wp","href":"https:\/\/api.w.org\/{rel}","templated":true}]}}