{"id":19794,"date":"2026-09-04T12:30:25","date_gmt":"2026-09-04T15:30:25","guid":{"rendered":"https:\/\/base.com\/pt-BR\/blog\/?p=19794"},"modified":"2026-09-04T12:30:27","modified_gmt":"2026-09-04T15:30:27","slug":"base-news-destaques-da-semana-36-2","status":"publish","type":"post","link":"https:\/\/base.com\/pt-BR\/blog\/base-news-destaques-da-semana-36-2\/","title":{"rendered":"Base News | Destaques da Semana 36"},"content":{"rendered":"\n<h1 class=\"wp-block-heading\">Mercado Livre: Nova op\u00e7\u00e3o de Preenchimento de Dados Fiscais a Partir do Cat\u00e1logo<\/h1>\n\n\n\n<p class=\"wp-block-paragraph\">Anteriormente, para alterar os dados fiscais dos an\u00fancios do Mercado Livre na Base, era necess\u00e1rio preencher cada campo manualmente. Mesmo quando as informa\u00e7\u00f5es j\u00e1 estavam cadastradas no cat\u00e1logo, o processo precisava ser repetido em cada opera\u00e7\u00e3o.<\/p>\n\n\n\n<p class=\"wp-block-paragraph\"><strong>O que mudou na Base<\/strong><\/p>\n\n\n\n<p class=\"wp-block-paragraph\">Na opera\u00e7\u00e3o em massa <strong>Alterar informa\u00e7\u00f5es fiscais<\/strong> do Mercado Livre, h\u00e1 dois modos:<\/p>\n\n\n\n<p class=\"wp-block-paragraph\">&#8211; <strong>Alterar informa\u00e7\u00f5es fiscais<\/strong> \u2014 preenchimento manual dos campos estriva<br>&#8211; <strong>Preencher a partir do cat\u00e1logo<\/strong> \u2014 os valores s\u00e3o recuperados automaticamente do produto do invent\u00e1rio, sem digita\u00e7\u00e3o manual (\u00e9 o modo padr\u00e3o da opera\u00e7\u00e3o)<\/p>\n\n\n\n<p class=\"wp-block-paragraph\"><strong>Como atualizar em massa<\/strong><\/p>\n\n\n\n<p class=\"wp-block-paragraph\">1. Acesse <strong>Mercado Livre<\/strong> \u2192 <strong>Gest\u00e3o de vendas<\/strong> \u2192 <strong>Opera\u00e7\u00f5es<\/strong>.<br>2. Selecione a opera\u00e7\u00e3o <strong>Alterar informa\u00e7\u00f5es fiscais<\/strong>.<br>&nbsp;&nbsp;&nbsp;\u2022 Na lista suspensa a op\u00e7\u00e3o <strong>Preencher a partir do cat\u00e1logo<\/strong> j\u00e1 vem selecionada por padr\u00e3o.<br>3. Nesse modo, os campos manuais ficam ocultos, e o sistema busca os dados fiscais diretamente do produto vinculado no invent\u00e1rio.<br>4. Para preencher manualmente, selecione a op\u00e7\u00e3o <strong>Alterar informa\u00e7\u00f5es fiscais<\/strong>. Os campos aparecer\u00e3o para edi\u00e7\u00e3o.<\/p>\n\n\n\n<p class=\"wp-block-paragraph\"><strong>Quais campos s\u00e3o preenchidos e de onde v\u00eam os dados<\/strong><\/p>\n\n\n\n<p class=\"wp-block-paragraph\">\u2022 Measurement unit (unidade) &gt; Tipo de Unidade<br>\u2022 NCM &gt; Campo NCM<br>\u2022 Origin Detail (detalhe da origem) &gt; C\u00f3digo da Origem (convertido para o \u00edndice esperado pela API do Meli)<br>\u2022 CEST &gt; CEST<\/p>\n\n\n\n<p class=\"wp-block-paragraph\">O sistema tenta primeiro obter os valores pelos mapeamentos de par\u00e2metros do invent\u00e1rio e depois completa com os campos acima.<\/p>\n\n\n\n<p class=\"wp-block-paragraph\"><strong>Observa\u00e7\u00f5es finais<\/strong><\/p>\n\n\n\n<p class=\"wp-block-paragraph\">&#8211; <strong>Tax Rule<\/strong> n\u00e3o \u00e9 preenchido a partir do cat\u00e1logo: \u00e9 um par\u00e2metro por seller\/conta, carregado das regras fiscais da pr\u00f3pria conta do Mercado Livre. Na opera\u00e7\u00e3o manual, permanece como campo de preenchimento manual.<br><br>&#8211; Se algum dado estiver faltando no produto do invent\u00e1rio, o valor atual do an\u00fancio no Mercado Livre <strong>n\u00e3o<\/strong> \u00e9 sobrescrito. O campo \u00e9 mantido.<br><br>&#8211; Para a op\u00e7\u00e3o funcionar, o an\u00fancio do Mercado Livre precisa estar vinculado ao produto do invent\u00e1rio, e os campos regionais acima devem estar preenchidos no cadastro do produto.&nbsp;<\/p>\n\n\n\n<p class=\"wp-block-paragraph\"><\/p>\n\n\n\n<figure class=\"wp-block-image size-large\"><img loading=\"lazy\" decoding=\"async\" width=\"1024\" height=\"345\" src=\"https:\/\/base.com\/pt-BR\/blog\/wp-content\/uploads\/2026\/09\/image-1024x345.png\" alt=\"\" class=\"wp-image-19797\" srcset=\"https:\/\/base.com\/pt-BR\/blog\/wp-content\/uploads\/2026\/09\/image-1024x345.png 1024w, https:\/\/base.com\/pt-BR\/blog\/wp-content\/uploads\/2026\/09\/image-300x101.png 300w, https:\/\/base.com\/pt-BR\/blog\/wp-content\/uploads\/2026\/09\/image-768x259.png 768w, https:\/\/base.com\/pt-BR\/blog\/wp-content\/uploads\/2026\/09\/image-1536x517.png 1536w, https:\/\/base.com\/pt-BR\/blog\/wp-content\/uploads\/2026\/09\/image.png 1891w\" sizes=\"auto, (max-width: 1024px) 100vw, 1024px\" \/><\/figure>\n\n\n\n<p class=\"wp-block-paragraph\"><\/p>\n\n\n<div class=\"wp-block-image\">\n<figure class=\"aligncenter size-full\"><img loading=\"lazy\" decoding=\"async\" width=\"703\" height=\"321\" src=\"https:\/\/base.com\/pt-BR\/blog\/wp-content\/uploads\/2026\/09\/image-13.png\" alt=\"\" class=\"wp-image-19812\" srcset=\"https:\/\/base.com\/pt-BR\/blog\/wp-content\/uploads\/2026\/09\/image-13.png 703w, https:\/\/base.com\/pt-BR\/blog\/wp-content\/uploads\/2026\/09\/image-13-300x137.png 300w\" sizes=\"auto, (max-width: 703px) 100vw, 703px\" \/><\/figure>\n<\/div>\n\n\n<p class=\"wp-block-paragraph\"><\/p>\n\n\n\n<p class=\"wp-block-paragraph\"><\/p>\n\n\n\n<h1 class=\"wp-block-heading\"><strong>Custo de devolu\u00e7\u00e3o nos dados de taxas do pedido<\/strong><\/h1>\n\n\n\n<p class=\"wp-block-paragraph\">Quando o Mercado Livre concretiza uma <strong>devolu\u00e7\u00e3o real<\/strong> associada a um pedido, o sistema busca na API do ML o custo de retorno cobrado do vendedor e o registra como uma <strong>taxa (fee) do pedido<\/strong>. Ela aparece no painel junto das demais tarifas do marketplace, como comiss\u00e3o e frete, na se\u00e7\u00e3o de fees\/faturas do pedido.<\/p>\n\n\n\n<p class=\"wp-block-paragraph\"><strong>Requisitos para o custo aparecer<\/strong><\/p>\n\n\n\n<p class=\"wp-block-paragraph\">\u2022 Dispon\u00edvel para <strong>qualquer conta<\/strong> Mercado Livre, sem restri\u00e7\u00e3o de pool de testes, configura\u00e7\u00e3o de conta, regi\u00e3o ou vers\u00e3o do painel. Vale para todas as regi\u00f5es do ML (AR, BR, CL, CO, MX e PE).<br>\u2022 O pedido precisa ter uma <strong>devolu\u00e7\u00e3o real<\/strong> com custo de retorno no ML<br>\u2022 A claim precisa estar associada a um <strong>pedido local<\/strong> encontrado no sistema; caso contr\u00e1rio, a busca \u00e9 pulada.<br>\u2022 A chamada \u00e0 API precisa ter sucesso.<\/p>\n\n\n\n<p class=\"wp-block-paragraph\"><strong>Diferen\u00e7a entre media\u00e7\u00e3o e devolu\u00e7\u00e3o real<\/strong><\/p>\n\n\n\n<p class=\"wp-block-paragraph\">\u2022 <strong>Media\u00e7\u00e3o\/disputa em aberto<\/strong>: <strong>n\u00e3o<\/strong> gera a taxa, pois ainda n\u00e3o h\u00e1 custo de retorno concretizado.<br>\u2022 <strong>Devolu\u00e7\u00e3o real<\/strong>: gera a taxa normalmente.<\/p>\n\n\n\n<p class=\"wp-block-paragraph\"><strong>Como verificar no painel<\/strong><\/p>\n\n\n\n<p class=\"wp-block-paragraph\">1. Na <strong>lista de pedidos<\/strong> do ML, a coluna de informa\u00e7\u00f5es adicionais mostra um \u00edcone de <strong>\u201cReclama\u00e7\u00f5es\u201d <\/strong>com a contagem de alega\u00e7\u00f5es do pedido.<br>2. No <strong>detalhe do pedido<\/strong>, confira a se\u00e7\u00e3o <strong>\u201cReclama\u00e7\u00f5es\u201d <\/strong>do card. Se houver dados, o pedido tem claim associada. Aten\u00e7\u00e3o: ela \u00e9 diferente da se\u00e7\u00e3o devolu\u00e7\u00f5es.<br>3. Abra a lista <strong>\u201cComiss\u00f5es e Taxas\u201d<\/strong> e procure a linha <strong>Custo de envio de devolu\u00e7\u00f5es e trocas<\/strong>.&nbsp;<\/p>\n\n\n\n<p class=\"wp-block-paragraph\"><strong>Observa\u00e7\u00f5es finais<\/strong><\/p>\n\n\n\n<p class=\"wp-block-paragraph\">&#8211; <strong>N\u00e3o<\/strong> aparece no cart\u00e3o de devolu\u00e7\u00e3o. A taxa de retorno \u00e9 um dado <strong>do pedido<\/strong>, registrado a partir de uma devolu\u00e7\u00e3o.<\/p>\n\n\n<div class=\"wp-block-image\">\n<figure class=\"aligncenter size-full\"><img loading=\"lazy\" decoding=\"async\" width=\"477\" height=\"220\" src=\"https:\/\/base.com\/pt-BR\/blog\/wp-content\/uploads\/2026\/09\/image-2.png\" alt=\"\" class=\"wp-image-19799\" srcset=\"https:\/\/base.com\/pt-BR\/blog\/wp-content\/uploads\/2026\/09\/image-2.png 477w, https:\/\/base.com\/pt-BR\/blog\/wp-content\/uploads\/2026\/09\/image-2-300x138.png 300w\" sizes=\"auto, (max-width: 477px) 100vw, 477px\" \/><\/figure>\n<\/div>\n\n\n<p class=\"wp-block-paragraph\"><\/p>\n\n\n\n<p class=\"wp-block-paragraph\"><\/p>\n\n\n<div class=\"wp-block-image\">\n<figure class=\"aligncenter size-full\"><img loading=\"lazy\" decoding=\"async\" width=\"580\" height=\"475\" src=\"https:\/\/base.com\/pt-BR\/blog\/wp-content\/uploads\/2026\/09\/image-3.png\" alt=\"\" class=\"wp-image-19800\" srcset=\"https:\/\/base.com\/pt-BR\/blog\/wp-content\/uploads\/2026\/09\/image-3.png 580w, https:\/\/base.com\/pt-BR\/blog\/wp-content\/uploads\/2026\/09\/image-3-300x246.png 300w\" sizes=\"auto, (max-width: 580px) 100vw, 580px\" \/><\/figure>\n<\/div>\n\n\n<p class=\"wp-block-paragraph\"><\/p>\n\n\n\n<p class=\"wp-block-paragraph\"><\/p>\n\n\n<div class=\"wp-block-image\">\n<figure class=\"aligncenter size-full\"><img loading=\"lazy\" decoding=\"async\" width=\"577\" height=\"574\" src=\"https:\/\/base.com\/pt-BR\/blog\/wp-content\/uploads\/2026\/09\/image-4.png\" alt=\"\" class=\"wp-image-19801\" srcset=\"https:\/\/base.com\/pt-BR\/blog\/wp-content\/uploads\/2026\/09\/image-4.png 577w, https:\/\/base.com\/pt-BR\/blog\/wp-content\/uploads\/2026\/09\/image-4-300x298.png 300w, https:\/\/base.com\/pt-BR\/blog\/wp-content\/uploads\/2026\/09\/image-4-150x150.png 150w\" sizes=\"auto, (max-width: 577px) 100vw, 577px\" \/><\/figure>\n<\/div>\n\n\n<p class=\"wp-block-paragraph\"><\/p>\n\n\n\n<p class=\"wp-block-paragraph\"><\/p>\n\n\n\n<h1 class=\"wp-block-heading\">MAGALU: Download autom\u00e1tico de notas fiscais de pedidos Fulfillment<\/h1>\n\n\n\n<p class=\"wp-block-paragraph\">A integra\u00e7\u00e3o Magalu OpenAPI agora permite o download autom\u00e1tico das notas fiscais dos pedidos realizados via <strong>fulfillment <\/strong>da Magalu. Quando um pedido \u00e9 enviado pelo fulfillment da Magalu e a nota fiscal \u00e9 emitida no ambiente Magalu, o sistema busca a invoice automaticamente e a armazena no pedido na Base (sem a\u00e7\u00e3o manual do seller).<\/p>\n\n\n\n<p class=\"wp-block-paragraph\"><strong>Como configurar na Base&nbsp;<\/strong><\/p>\n\n\n\n<p class=\"wp-block-paragraph\">1. No m\u00f3dulo <strong>Fulfillment<\/strong>, abra sua conta <strong>Magalu (Fulfillment)<\/strong> (caso ainda n\u00e3o tenha uma, crie uma conta do tipo Magalu OpenAPI Fulfillment).<br>2. No campo <strong>Marketplace account<\/strong>, selecione a conta Magalu da qual os pedidos de fulfillment s\u00e3o importados.<br>3. Ative a op\u00e7\u00e3o <strong>Download de faturas de fulfillment<\/strong> (Download fulfillment invoices) selecionando <strong>Sim<\/strong>.<br>4. Incluir uma integra\u00e7\u00e3o com a <strong>SEFAZ<\/strong>, com a op\u00e7\u00e3o <strong>\u201cEnvio de arquivo XML\u201d<\/strong>.<br>5. A partir da\u00ed, o processo roda sozinho.<\/p>\n\n\n\n<p class=\"wp-block-paragraph\"><strong>Como funciona?<\/strong><\/p>\n\n\n\n<p class=\"wp-block-paragraph\">\u2022 O sistema verifica as contas com o download ativado a cada <strong>30 minutos<\/strong>.<br>\u2022 Ele procura pedidos que estejam dentro destas condi\u00e7\u00f5es:<br>\u2022 sejam pedidos de <strong>Fulfillment<\/strong> da Magalu (n\u00e3o vendas pr\u00f3prias do an\u00fancio);<br>\u2022 tenham sido importados nos <strong>\u00faltimos 7 dias<\/strong>;<br>\u2022 ainda <strong>n\u00e3o tenham nota fiscal<\/strong> registrada, caso seja selecionada a op\u00e7\u00e3o <strong>Sim<\/strong>;<br>\u2022 <strong>n\u00e3o estejam cancelados<\/strong>.<br>\u2022 Para cada pedido eleg\u00edvel, o sistema consulta a Magalu, baixa o XML da nota, valida e salva a invoice no pedido.<\/p>\n\n\n\n<p class=\"wp-block-paragraph\"><strong>Observa\u00e7\u00f5es finais<\/strong><\/p>\n\n\n\n<p class=\"wp-block-paragraph\">&#8211; O download \u00e9 100% <strong>autom\u00e1tico<\/strong>. N\u00e3o existe bot\u00e3o manual. Depois de ativada a op\u00e7\u00e3o, basta aguardar o pr\u00f3ximo ciclo (at\u00e9 ~30 min).<\/p>\n\n\n\n<p class=\"wp-block-paragraph\">&#8211; Pedidos que j\u00e1 t\u00eam nota fiscal preenchida s\u00e3o ignorados, sem risco de duplica\u00e7\u00e3o.<\/p>\n\n\n\n<p class=\"wp-block-paragraph\">&#8211; Se a NF ainda n\u00e3o estiver dispon\u00edvel na Magalu, o pedido \u00e9 mantido sem nota e a tentativa \u00e9 refeita nos pr\u00f3ximos ciclos.<\/p>\n\n\n\n<p class=\"wp-block-paragraph\">&#8211; N\u00e3o \u00e9 necess\u00e1rio configurar CNPJ separadamente: a vincula\u00e7\u00e3o correta vem da conta marketplace selecionada e da autoriza\u00e7\u00e3o da conta Magalu.<\/p>\n\n\n\n<p class=\"wp-block-paragraph\"><\/p>\n\n\n<div class=\"wp-block-image\">\n<figure class=\"aligncenter size-large\"><img loading=\"lazy\" decoding=\"async\" width=\"1024\" height=\"241\" src=\"https:\/\/base.com\/pt-BR\/blog\/wp-content\/uploads\/2026\/09\/image-15-1024x241.png\" alt=\"\" class=\"wp-image-19815\" srcset=\"https:\/\/base.com\/pt-BR\/blog\/wp-content\/uploads\/2026\/09\/image-15-1024x241.png 1024w, https:\/\/base.com\/pt-BR\/blog\/wp-content\/uploads\/2026\/09\/image-15-300x71.png 300w, https:\/\/base.com\/pt-BR\/blog\/wp-content\/uploads\/2026\/09\/image-15-768x181.png 768w, https:\/\/base.com\/pt-BR\/blog\/wp-content\/uploads\/2026\/09\/image-15-1536x362.png 1536w, https:\/\/base.com\/pt-BR\/blog\/wp-content\/uploads\/2026\/09\/image-15.png 1758w\" sizes=\"auto, (max-width: 1024px) 100vw, 1024px\" \/><\/figure>\n<\/div>\n\n\n<p class=\"wp-block-paragraph\"><\/p>\n\n\n\n<figure class=\"wp-block-image size-large\"><img loading=\"lazy\" decoding=\"async\" width=\"1024\" height=\"433\" src=\"https:\/\/base.com\/pt-BR\/blog\/wp-content\/uploads\/2026\/09\/image-14-1024x433.png\" alt=\"\" class=\"wp-image-19813\" srcset=\"https:\/\/base.com\/pt-BR\/blog\/wp-content\/uploads\/2026\/09\/image-14-1024x433.png 1024w, https:\/\/base.com\/pt-BR\/blog\/wp-content\/uploads\/2026\/09\/image-14-300x127.png 300w, https:\/\/base.com\/pt-BR\/blog\/wp-content\/uploads\/2026\/09\/image-14-768x325.png 768w, https:\/\/base.com\/pt-BR\/blog\/wp-content\/uploads\/2026\/09\/image-14.png 1038w\" sizes=\"auto, (max-width: 1024px) 100vw, 1024px\" \/><\/figure>\n\n\n\n<p class=\"wp-block-paragraph\"><\/p>\n\n\n\n<p class=\"wp-block-paragraph\"><\/p>\n\n\n\n<h1 class=\"wp-block-heading\">NuvemShop: Descontos no pedido<\/h1>\n\n\n\n<p class=\"wp-block-paragraph\">Se voc\u00ea utiliza a <strong>NuvemShop<\/strong> e j\u00e1 percebeu que alguns pedidos apresentam uma linha chamada <strong>\u201cDiscount\u201d<\/strong> na lista de produtos, enquanto outros n\u00e3o, essa diferen\u00e7a est\u00e1 relacionada \u00e0 forma como o desconto da venda est\u00e1 configurado na integra\u00e7\u00e3o com o Base.<\/p>\n\n\n\n<p class=\"wp-block-paragraph\">Neste artigo, vamos explicar os dois comportamentos poss\u00edveis, o impacto de cada um na emiss\u00e3o da nota fiscal e como verificar a configura\u00e7\u00e3o da sua loja.<\/p>\n\n\n\n<p class=\"wp-block-paragraph\"><strong>1. Adicionar aos pre\u00e7os dos produtos \u2014 recomendado<\/strong><\/p>\n\n\n\n<p class=\"wp-block-paragraph\">Nesse formato, o valor do desconto \u00e9 <strong>distribu\u00eddo entre os produtos do pedido<\/strong>.<\/p>\n\n\n\n<p class=\"wp-block-paragraph\">Dessa forma, os produtos continuam sendo apresentados normalmente, mas com seus pre\u00e7os j\u00e1 ajustados de acordo com o desconto aplicado.<\/p>\n\n\n\n<p class=\"wp-block-paragraph\"><strong>Exemplo:<\/strong><\/p>\n\n\n\n<p class=\"wp-block-paragraph\">Se um produto custa R$ 100,00 e recebeu um desconto de R$ 10,00, o pedido poder\u00e1 apresentar o produto com o valor ajustado para R$ 90,00.<\/p>\n\n\n\n<p class=\"wp-block-paragraph\">Assim, <strong>n\u00e3o \u00e9 criada nenhuma linha adicional de desconto no pedido<\/strong>.<\/p>\n\n\n\n<p class=\"wp-block-paragraph\"><strong>2. Adicionar como item do pedido<\/strong><\/p>\n\n\n\n<p class=\"wp-block-paragraph\">Nesse formato, o desconto \u00e9 inserido no pedido como uma <strong>linha separada<\/strong>.<\/p>\n\n\n\n<p class=\"wp-block-paragraph\">\u00c9 comum que essa linha apare\u00e7a com o nome <strong>\u201cDiscount\u201d<\/strong> e tenha um valor negativo.<\/p>\n\n\n\n<p class=\"wp-block-paragraph\"><strong>Exemplo:<\/strong><\/p>\n\n\n\n<p class=\"wp-block-paragraph\">Produto: R$ 100,00<br>Discount: \u2013R$ 10,00<br>Total: R$ 90,00<\/p>\n\n\n\n<p class=\"wp-block-paragraph\">Embora esse formato represente corretamente o desconto comercial da venda, ele pode gerar impactos no processo de emiss\u00e3o da nota fiscal.<\/p>\n\n\n\n<p class=\"wp-block-paragraph\"><strong>O que isso muda na pr\u00e1tica?<\/strong><\/p>\n\n\n\n<p class=\"wp-block-paragraph\">A principal diferen\u00e7a est\u00e1 na forma como os itens s\u00e3o apresentados dentro do pedido.<\/p>\n\n\n\n<p class=\"wp-block-paragraph\">Quando a op\u00e7\u00e3o <strong>\u201cAdicionar aos pre\u00e7os dos produtos\u201d<\/strong> est\u00e1 selecionada, o pedido apresenta somente os produtos vendidos, j\u00e1 com os valores ajustados pelo desconto.<\/p>\n\n\n\n<p class=\"wp-block-paragraph\">J\u00e1 quando a op\u00e7\u00e3o <strong>\u201cAdicionar como item do pedido\u201d<\/strong> est\u00e1 selecionada, o pedido recebe uma linha adicional chamada <strong>\u201cDiscount\u201d<\/strong>.<\/p>\n\n\n\n<p class=\"wp-block-paragraph\">Essa linha n\u00e3o representa um produto real e, por isso, normalmente n\u00e3o possui informa\u00e7\u00f5es fiscais como <strong>c\u00f3digo do produto, NCM e demais dados necess\u00e1rios para a emiss\u00e3o da NF-e<\/strong>.<\/p>\n\n\n\n<p class=\"wp-block-paragraph\">Como consequ\u00eancia, a <strong>SEFAZ pode rejeitar a nota fiscal<\/strong> caso essa linha seja considerada um item da nota sem as informa\u00e7\u00f5es fiscais obrigat\u00f3rias.<\/p>\n\n\n\n<p class=\"wp-block-paragraph\">Por isso, para opera\u00e7\u00f5es que realizam emiss\u00e3o de NF-e, recomendamos utilizar a op\u00e7\u00e3o <strong>\u201cAdicionar aos pre\u00e7os dos produtos\u201d<\/strong>.<\/p>\n\n\n\n<p class=\"wp-block-paragraph\"><strong>O que mudou na Base<\/strong><\/p>\n\n\n\n<p class=\"wp-block-paragraph\">Atualizamos o padr\u00e3o da integra\u00e7\u00e3o com a NuvemShop para utilizar a op\u00e7\u00e3o:<\/p>\n\n\n\n<p class=\"wp-block-paragraph\"><strong>\u201cAdicionar aos pre\u00e7os dos produtos\u201d<\/strong><\/p>\n\n\n\n<p class=\"wp-block-paragraph\">Esse \u00e9 o comportamento <strong>recomendado e mais seguro para a opera\u00e7\u00e3o<\/strong>, principalmente para evitar que linhas de desconto sem informa\u00e7\u00f5es fiscais sejam adicionadas aos pedidos.<\/p>\n\n\n\n<p class=\"wp-block-paragraph\">A altera\u00e7\u00e3o passou a valer para as lojas que <strong>ainda n\u00e3o tinham essa op\u00e7\u00e3o configurada anteriormente<\/strong>.<\/p>\n\n\n\n<p class=\"wp-block-paragraph\"><strong>Importante<\/strong><\/p>\n\n\n\n<p class=\"wp-block-paragraph\">Se a sua loja j\u00e1 possu\u00eda a op\u00e7\u00e3o <strong>\u201cAdicionar como item do pedido\u201d<\/strong> salva anteriormente, a configura\u00e7\u00e3o <strong>n\u00e3o ser\u00e1 alterada automaticamente<\/strong>.<\/p>\n\n\n\n<p class=\"wp-block-paragraph\">Nesse caso, a loja continuar\u00e1 utilizando o comportamento antigo at\u00e9 que a configura\u00e7\u00e3o seja alterada manualmente.<\/p>\n\n\n\n<p class=\"wp-block-paragraph\"><strong>Como verificar e ajustar a configura\u00e7\u00e3o da sua loja?<\/strong><\/p>\n\n\n\n<p class=\"wp-block-paragraph\">Para verificar qual comportamento est\u00e1 configurado na sua integra\u00e7\u00e3o, siga estes passos:<\/p>\n\n\n\n<p class=\"wp-block-paragraph\">1. Acesse as configura\u00e7\u00f5es da NuvemShop: <strong>Integra\u00e7\u00f5es \u2192 NuvemShop \u2192 Configura\u00e7\u00f5es da loja<\/strong><br>2. Em seguida, abra a aba <strong>Avan\u00e7ado<\/strong>.<br>3<strong>. Localize a configura\u00e7\u00e3o de \u201cDesconto\u201d<\/strong> <strong>(mexa somente nessa op\u00e7\u00e3o)<\/strong><br>Voc\u00ea encontrar\u00e1 as seguintes op\u00e7\u00f5es:<br>\u2022 <strong>Adicionar aos pre\u00e7os dos produtos<\/strong> \u2014 comportamento atual e recomendado&nbsp;<br>\u2022 <strong>Adicionar como item do pedido<\/strong> \u2014 comportamento antigo<br>4. Salve a configura\u00e7\u00e3o<\/p>\n\n\n\n<p class=\"wp-block-paragraph\"><strong>Observa\u00e7\u00f5es finais<\/strong><br><br>&#8211; A configura\u00e7\u00e3o <strong>\u201cAdicionar aos pre\u00e7os dos produtos\u201d<\/strong> \u00e9 a op\u00e7\u00e3o recomendada para evitar que o desconto seja apresentado como um item separado no pedido.<\/p>\n\n\n\n<p class=\"wp-block-paragraph\">&#8211; A altera\u00e7\u00e3o da configura\u00e7\u00e3o <strong>n\u00e3o modifica automaticamente pedidos que j\u00e1 foram importados<\/strong>. Nesses casos, pode ser necess\u00e1rio realizar a reimporta\u00e7\u00e3o.<\/p>\n\n\n\n<p class=\"wp-block-paragraph\">&#8211; Lojas que j\u00e1 utilizavam a op\u00e7\u00e3o <strong>\u201cAdicionar como item do pedido\u201d<\/strong> continuar\u00e3o com essa configura\u00e7\u00e3o at\u00e9 que ela seja alterada manualmente.<\/p>\n\n\n\n<p class=\"wp-block-paragraph\"><\/p>\n\n\n\n<p class=\"wp-block-paragraph\"><\/p>\n\n\n<div class=\"wp-block-image\">\n<figure class=\"aligncenter size-large\"><img loading=\"lazy\" decoding=\"async\" width=\"1024\" height=\"335\" src=\"https:\/\/base.com\/pt-BR\/blog\/wp-content\/uploads\/2026\/09\/image-5-1024x335.png\" alt=\"\" class=\"wp-image-19802\" srcset=\"https:\/\/base.com\/pt-BR\/blog\/wp-content\/uploads\/2026\/09\/image-5-1024x335.png 1024w, https:\/\/base.com\/pt-BR\/blog\/wp-content\/uploads\/2026\/09\/image-5-300x98.png 300w, https:\/\/base.com\/pt-BR\/blog\/wp-content\/uploads\/2026\/09\/image-5-768x251.png 768w, https:\/\/base.com\/pt-BR\/blog\/wp-content\/uploads\/2026\/09\/image-5-1536x502.png 1536w, https:\/\/base.com\/pt-BR\/blog\/wp-content\/uploads\/2026\/09\/image-5.png 1912w\" sizes=\"auto, (max-width: 1024px) 100vw, 1024px\" \/><\/figure>\n<\/div>\n\n\n<p class=\"wp-block-paragraph\"><\/p>\n\n\n\n<p class=\"wp-block-paragraph\"><\/p>\n\n\n<div class=\"wp-block-image\">\n<figure class=\"aligncenter size-full\"><img loading=\"lazy\" decoding=\"async\" width=\"841\" height=\"343\" src=\"https:\/\/base.com\/pt-BR\/blog\/wp-content\/uploads\/2026\/09\/image-11.png\" alt=\"\" class=\"wp-image-19810\" srcset=\"https:\/\/base.com\/pt-BR\/blog\/wp-content\/uploads\/2026\/09\/image-11.png 841w, https:\/\/base.com\/pt-BR\/blog\/wp-content\/uploads\/2026\/09\/image-11-300x122.png 300w, https:\/\/base.com\/pt-BR\/blog\/wp-content\/uploads\/2026\/09\/image-11-768x313.png 768w\" sizes=\"auto, (max-width: 841px) 100vw, 841px\" \/><\/figure>\n<\/div>\n\n\n<p class=\"wp-block-paragraph\"><\/p>\n\n\n\n<figure class=\"wp-block-image size-large\"><img loading=\"lazy\" decoding=\"async\" width=\"1024\" height=\"259\" src=\"https:\/\/base.com\/pt-BR\/blog\/wp-content\/uploads\/2026\/09\/image-12-1024x259.png\" alt=\"\" class=\"wp-image-19811\" srcset=\"https:\/\/base.com\/pt-BR\/blog\/wp-content\/uploads\/2026\/09\/image-12-1024x259.png 1024w, https:\/\/base.com\/pt-BR\/blog\/wp-content\/uploads\/2026\/09\/image-12-300x76.png 300w, https:\/\/base.com\/pt-BR\/blog\/wp-content\/uploads\/2026\/09\/image-12-768x194.png 768w, https:\/\/base.com\/pt-BR\/blog\/wp-content\/uploads\/2026\/09\/image-12-1536x388.png 1536w, https:\/\/base.com\/pt-BR\/blog\/wp-content\/uploads\/2026\/09\/image-12.png 1806w\" sizes=\"auto, (max-width: 1024px) 100vw, 1024px\" \/><\/figure>\n\n\n\n<p class=\"wp-block-paragraph\"><\/p>\n\n\n\n<p class=\"wp-block-paragraph\"><\/p>\n\n\n\n<ul class=\"wp-block-list\">\n<li><\/li>\n<\/ul>\n\n\n\n<h1 class=\"wp-block-heading\">Melhor Envio: Adicionar dados extras na etiqueta ZPL<\/h1>\n\n\n\n<p class=\"wp-block-paragraph\">A integra\u00e7\u00e3o com o <strong>Melhor Envio<\/strong> agora permite adicionar dados extras \u00e0 etiqueta de envio gerada em formato <strong>ZPL<\/strong>, com blocos de <strong>cabe\u00e7alho<\/strong> (dados fiscais da nota) e <strong>rodap\u00e9<\/strong> (picking list com os itens vendidos ou c\u00f3digo de barras com rastreio). O recurso j\u00e1 existe em outras integra\u00e7\u00f5es brasileiras, como o Mercado Envios.<\/p>\n\n\n\n<p class=\"wp-block-paragraph\"><strong>Como ativar<\/strong><\/p>\n\n\n\n<p class=\"wp-block-paragraph\">1. Acesse <strong>Integra\u00e7\u00f5es <\/strong>no painel principal.<br>2. Selecione a conta do <strong>Melhor Envio<\/strong> e clique em <strong>editar<\/strong>.<br>3. Abra a aba <strong>Documentos de remessa<\/strong>.<br>4. No campo <strong>Formato da etiqueta de envio<\/strong>, selecione <strong>ZPL<\/strong>.<br>5. No campo <strong>Adicionar dados extras no ZPL<\/strong>, escolha o template desejado.<br>6. Salve as altera\u00e7\u00f5es.<\/p>\n\n\n\n<p class=\"wp-block-paragraph\"><strong>Importante<\/strong>: o campo <strong>Adicionar dados extras no ZPL<\/strong> s\u00f3 aparece quando o formato da etiqueta \u00e9 <strong>ZPL<\/strong>. Em formato <strong>PDF<\/strong>, o recurso n\u00e3o se aplica.<\/p>\n\n\n\n<p class=\"wp-block-paragraph\"><\/p>\n\n\n\n<p class=\"wp-block-paragraph\"><\/p>\n\n\n\n<figure class=\"wp-block-image size-large\"><img loading=\"lazy\" decoding=\"async\" width=\"1024\" height=\"320\" src=\"https:\/\/base.com\/pt-BR\/blog\/wp-content\/uploads\/2026\/09\/image-8-1024x320.png\" alt=\"\" class=\"wp-image-19805\" srcset=\"https:\/\/base.com\/pt-BR\/blog\/wp-content\/uploads\/2026\/09\/image-8-1024x320.png 1024w, https:\/\/base.com\/pt-BR\/blog\/wp-content\/uploads\/2026\/09\/image-8-300x94.png 300w, https:\/\/base.com\/pt-BR\/blog\/wp-content\/uploads\/2026\/09\/image-8-768x240.png 768w, https:\/\/base.com\/pt-BR\/blog\/wp-content\/uploads\/2026\/09\/image-8-1536x480.png 1536w, https:\/\/base.com\/pt-BR\/blog\/wp-content\/uploads\/2026\/09\/image-8.png 1885w\" sizes=\"auto, (max-width: 1024px) 100vw, 1024px\" \/><\/figure>\n\n\n\n<p class=\"wp-block-paragraph\"><\/p>\n\n\n\n<h2 class=\"wp-block-heading\">\ud83d\udc49 Inscreva-se em nosso canal no YouTube e fique por dentro das novidades.<br><br>\ud83d\udd1c Em breve, voc\u00ea encontrar\u00e1 novas integra\u00e7\u00f5es dispon\u00edveis na Base.<\/h2>\n","protected":false},"excerpt":{"rendered":"<p>Mercado Livre: Nova op\u00e7\u00e3o de Preenchimento de Dados Fiscais a Partir do Cat\u00e1logo Anteriormente, para alterar os dados fiscais dos an\u00fancios do Mercado Livre na Base, era necess\u00e1rio preencher cada campo manualmente. Mesmo quando as informa\u00e7\u00f5es j\u00e1 estavam cadastradas no cat\u00e1logo, o processo precisava ser repetido em cada opera\u00e7\u00e3o. O que mudou na Base Na [&hellip;]<\/p>\n","protected":false},"author":109,"featured_media":19795,"comment_status":"open","ping_status":"open","sticky":false,"template":"","format":"standard","meta":{"_acf_changed":false,"footnotes":""},"categories":[704],"tags":[660,584,608,606,516,1042],"authors":[],"class_list":["post-19794","post","type-post","status-publish","format-standard","has-post-thumbnail","hentry","category-novidades-de-produto","tag-base","tag-hub-de-integracao","tag-magalu","tag-melhorenvio","tag-mercado-livre","tag-nuvemshop"],"acf":[],"yoast_head":"<!-- This site is optimized with the Yoast SEO plugin v28.2 - https:\/\/yoast.com\/product\/yoast-seo-wordpress\/ -->\n<title>Base News | Destaques da Semana 36 - Base Blog<\/title>\n<meta name=\"robots\" content=\"index, follow, max-snippet:-1, max-image-preview:large, max-video-preview:-1\" \/>\n<link rel=\"canonical\" href=\"https:\/\/base.com\/pt-BR\/blog\/base-news-destaques-da-semana-36-2\/\" \/>\n<meta property=\"og:locale\" content=\"pt_BR\" \/>\n<meta property=\"og:type\" content=\"article\" \/>\n<meta property=\"og:title\" content=\"Base News | Destaques da Semana 36 - Base Blog\" \/>\n<meta property=\"og:description\" content=\"Mercado Livre: Nova op\u00e7\u00e3o de Preenchimento de Dados Fiscais a Partir do Cat\u00e1logo Anteriormente, para alterar os dados fiscais dos an\u00fancios do Mercado Livre na Base, era necess\u00e1rio preencher cada campo manualmente. Mesmo quando as informa\u00e7\u00f5es j\u00e1 estavam cadastradas no cat\u00e1logo, o processo precisava ser repetido em cada opera\u00e7\u00e3o. O que mudou na Base Na [&hellip;]\" \/>\n<meta property=\"og:url\" content=\"https:\/\/base.com\/pt-BR\/blog\/base-news-destaques-da-semana-36-2\/\" \/>\n<meta property=\"og:site_name\" content=\"Base Blog\" \/>\n<meta property=\"article:published_time\" content=\"2026-09-04T15:30:25+00:00\" \/>\n<meta property=\"article:modified_time\" content=\"2026-09-04T15:30:27+00:00\" \/>\n<meta property=\"og:image\" content=\"https:\/\/base.com\/pt-BR\/blog\/wp-content\/uploads\/2026\/09\/Novidade-de-Produto-Semana-36.png\" \/>\n\t<meta property=\"og:image:width\" content=\"1200\" \/>\n\t<meta property=\"og:image:height\" content=\"628\" \/>\n\t<meta property=\"og:image:type\" content=\"image\/png\" \/>\n<meta name=\"author\" content=\"Sophia F. Iglesias\" \/>\n<meta name=\"twitter:card\" content=\"summary_large_image\" \/>\n<meta name=\"twitter:label1\" content=\"Escrito por\" \/>\n\t<meta name=\"twitter:data1\" content=\"Sophia F. Iglesias\" \/>\n\t<meta name=\"twitter:label2\" content=\"Est. tempo de leitura\" \/>\n\t<meta name=\"twitter:data2\" content=\"12 minutos\" \/>\n<script type=\"application\/ld+json\" class=\"yoast-schema-graph\">{\"@context\":\"https:\\\/\\\/schema.org\",\"@graph\":[{\"@type\":\"Article\",\"@id\":\"https:\\\/\\\/base.com\\\/pt-BR\\\/blog\\\/base-news-destaques-da-semana-36-2\\\/#article\",\"isPartOf\":{\"@id\":\"https:\\\/\\\/base.com\\\/pt-BR\\\/blog\\\/base-news-destaques-da-semana-36-2\\\/\"},\"author\":{\"name\":\"Sophia F. Iglesias\",\"@id\":\"https:\\\/\\\/base.com\\\/pt-BR\\\/blog\\\/#\\\/schema\\\/person\\\/ca5cdf69f3b46f6f9fa40e278feeb9cd\"},\"headline\":\"Base News | Destaques da Semana 36\",\"datePublished\":\"2026-09-04T15:30:25+00:00\",\"dateModified\":\"2026-09-04T15:30:27+00:00\",\"mainEntityOfPage\":{\"@id\":\"https:\\\/\\\/base.com\\\/pt-BR\\\/blog\\\/base-news-destaques-da-semana-36-2\\\/\"},\"wordCount\":1786,\"commentCount\":0,\"publisher\":{\"@id\":\"https:\\\/\\\/base.com\\\/pt-BR\\\/blog\\\/#organization\"},\"image\":{\"@id\":\"https:\\\/\\\/base.com\\\/pt-BR\\\/blog\\\/base-news-destaques-da-semana-36-2\\\/#primaryimage\"},\"thumbnailUrl\":\"https:\\\/\\\/base.com\\\/pt-BR\\\/blog\\\/wp-content\\\/uploads\\\/2026\\\/09\\\/Novidade-de-Produto-Semana-36.png\",\"keywords\":[\"Base\",\"Hub de Integra\u00e7\u00e3o\",\"Magalu\",\"MelhorEnvio\",\"Mercado Livre\",\"Nuvemshop\"],\"articleSection\":[\"Novidades de Produto\"],\"inLanguage\":\"pt-BR\",\"potentialAction\":[{\"@type\":\"CommentAction\",\"name\":\"Comment\",\"target\":[\"https:\\\/\\\/base.com\\\/pt-BR\\\/blog\\\/base-news-destaques-da-semana-36-2\\\/#respond\"]}]},{\"@type\":\"WebPage\",\"@id\":\"https:\\\/\\\/base.com\\\/pt-BR\\\/blog\\\/base-news-destaques-da-semana-36-2\\\/\",\"url\":\"https:\\\/\\\/base.com\\\/pt-BR\\\/blog\\\/base-news-destaques-da-semana-36-2\\\/\",\"name\":\"Base News | Destaques da Semana 36 - Base Blog\",\"isPartOf\":{\"@id\":\"https:\\\/\\\/base.com\\\/pt-BR\\\/blog\\\/#website\"},\"primaryImageOfPage\":{\"@id\":\"https:\\\/\\\/base.com\\\/pt-BR\\\/blog\\\/base-news-destaques-da-semana-36-2\\\/#primaryimage\"},\"image\":{\"@id\":\"https:\\\/\\\/base.com\\\/pt-BR\\\/blog\\\/base-news-destaques-da-semana-36-2\\\/#primaryimage\"},\"thumbnailUrl\":\"https:\\\/\\\/base.com\\\/pt-BR\\\/blog\\\/wp-content\\\/uploads\\\/2026\\\/09\\\/Novidade-de-Produto-Semana-36.png\",\"datePublished\":\"2026-09-04T15:30:25+00:00\",\"dateModified\":\"2026-09-04T15:30:27+00:00\",\"breadcrumb\":{\"@id\":\"https:\\\/\\\/base.com\\\/pt-BR\\\/blog\\\/base-news-destaques-da-semana-36-2\\\/#breadcrumb\"},\"inLanguage\":\"pt-BR\",\"potentialAction\":[{\"@type\":\"ReadAction\",\"target\":[\"https:\\\/\\\/base.com\\\/pt-BR\\\/blog\\\/base-news-destaques-da-semana-36-2\\\/\"]}]},{\"@type\":\"ImageObject\",\"inLanguage\":\"pt-BR\",\"@id\":\"https:\\\/\\\/base.com\\\/pt-BR\\\/blog\\\/base-news-destaques-da-semana-36-2\\\/#primaryimage\",\"url\":\"https:\\\/\\\/base.com\\\/pt-BR\\\/blog\\\/wp-content\\\/uploads\\\/2026\\\/09\\\/Novidade-de-Produto-Semana-36.png\",\"contentUrl\":\"https:\\\/\\\/base.com\\\/pt-BR\\\/blog\\\/wp-content\\\/uploads\\\/2026\\\/09\\\/Novidade-de-Produto-Semana-36.png\",\"width\":1200,\"height\":628},{\"@type\":\"BreadcrumbList\",\"@id\":\"https:\\\/\\\/base.com\\\/pt-BR\\\/blog\\\/base-news-destaques-da-semana-36-2\\\/#breadcrumb\",\"itemListElement\":[{\"@type\":\"ListItem\",\"position\":1,\"name\":\"base.blog\",\"item\":\"https:\\\/\\\/base.com\\\/pt-BR\\\/blog\\\/\"},{\"@type\":\"ListItem\",\"position\":2,\"name\":\"Novidades de Produto\",\"item\":\"https:\\\/\\\/base.com\\\/pt-BR\\\/blog\\\/novidades-de-produto\\\/\"},{\"@type\":\"ListItem\",\"position\":3,\"name\":\"Base News | Destaques da Semana 36\"}]},{\"@type\":\"WebSite\",\"@id\":\"https:\\\/\\\/base.com\\\/pt-BR\\\/blog\\\/#website\",\"url\":\"https:\\\/\\\/base.com\\\/pt-BR\\\/blog\\\/\",\"name\":\"Base Blog\",\"description\":\"Novidades e Atualiza\u00e7\u00f5es da Base e suas integra\u00e7\u00f5es\",\"publisher\":{\"@id\":\"https:\\\/\\\/base.com\\\/pt-BR\\\/blog\\\/#organization\"},\"potentialAction\":[{\"@type\":\"SearchAction\",\"target\":{\"@type\":\"EntryPoint\",\"urlTemplate\":\"https:\\\/\\\/base.com\\\/pt-BR\\\/blog\\\/?s={search_term_string}\"},\"query-input\":{\"@type\":\"PropertyValueSpecification\",\"valueRequired\":true,\"valueName\":\"search_term_string\"}}],\"inLanguage\":\"pt-BR\"},{\"@type\":\"Organization\",\"@id\":\"https:\\\/\\\/base.com\\\/pt-BR\\\/blog\\\/#organization\",\"name\":\"Base.com Blog BR\",\"alternateName\":\"Base.com\",\"url\":\"https:\\\/\\\/base.com\\\/pt-BR\\\/blog\\\/\",\"logo\":{\"@type\":\"ImageObject\",\"inLanguage\":\"pt-BR\",\"@id\":\"https:\\\/\\\/base.com\\\/pt-BR\\\/blog\\\/#\\\/schema\\\/logo\\\/image\\\/\",\"url\":\"https:\\\/\\\/base.com\\\/pt-BR\\\/blog\\\/wp-content\\\/uploads\\\/2025\\\/10\\\/android-icon-512x512-1-300x300-1.png\",\"contentUrl\":\"https:\\\/\\\/base.com\\\/pt-BR\\\/blog\\\/wp-content\\\/uploads\\\/2025\\\/10\\\/android-icon-512x512-1-300x300-1.png\",\"width\":300,\"height\":300,\"caption\":\"Base.com Blog BR\"},\"image\":{\"@id\":\"https:\\\/\\\/base.com\\\/pt-BR\\\/blog\\\/#\\\/schema\\\/logo\\\/image\\\/\"}},{\"@type\":\"Person\",\"@id\":\"https:\\\/\\\/base.com\\\/pt-BR\\\/blog\\\/#\\\/schema\\\/person\\\/ca5cdf69f3b46f6f9fa40e278feeb9cd\",\"name\":\"Sophia F. Iglesias\",\"image\":{\"@type\":\"ImageObject\",\"inLanguage\":\"pt-BR\",\"@id\":\"https:\\\/\\\/base.com\\\/pt-BR\\\/blog\\\/wp-content\\\/uploads\\\/2026\\\/08\\\/T6JD7D354-U08CYMQS2S2-f4f8ec9b56ee-512-96x96.png\",\"url\":\"https:\\\/\\\/base.com\\\/pt-BR\\\/blog\\\/wp-content\\\/uploads\\\/2026\\\/08\\\/T6JD7D354-U08CYMQS2S2-f4f8ec9b56ee-512-96x96.png\",\"contentUrl\":\"https:\\\/\\\/base.com\\\/pt-BR\\\/blog\\\/wp-content\\\/uploads\\\/2026\\\/08\\\/T6JD7D354-U08CYMQS2S2-f4f8ec9b56ee-512-96x96.png\",\"caption\":\"Sophia F. Iglesias\"},\"description\":\"Sophia \u00e9 Analista de Testes \u2013 QA na Base, com uma trajet\u00f3ria constru\u00edda entre relacionamento com clientes, tecnologia e qualidade de software. Antes de assumir sua posi\u00e7\u00e3o atual, atuou como Gerente de Contas Enterprise, acompanhando de perto grandes opera\u00e7\u00f5es, entendendo desafios dos clientes e contribuindo para a evolu\u00e7\u00e3o de suas experi\u00eancias com a plataforma. Essa experi\u00eancia trouxe uma vis\u00e3o estrat\u00e9gica e muito pr\u00f3xima das necessidades reais dos usu\u00e1rios, que hoje se conecta diretamente ao seu trabalho em QA. Atualmente, atua na valida\u00e7\u00e3o de funcionalidades, identifica\u00e7\u00e3o de cen\u00e1rios e inconsist\u00eancias e na busca cont\u00ednua por uma experi\u00eancia cada vez mais est\u00e1vel e eficiente para os usu\u00e1rios da Base. Apaixonada por tecnologia e por entender como as coisas funcionam, Sophia acredita que qualidade vai al\u00e9m de encontrar erros: \u00e9 compreender o impacto de cada detalhe e contribuir para construir produtos que realmente fa\u00e7am sentido para quem os utiliza.\",\"url\":\"https:\\\/\\\/base.com\\\/pt-BR\\\/blog\\\/author\\\/sophia-iglesias\\\/\"}]}<\/script>\n<!-- \/ Yoast SEO plugin. -->","yoast_head_json":{"title":"Base News | Destaques da Semana 36 - Base Blog","robots":{"index":"index","follow":"follow","max-snippet":"max-snippet:-1","max-image-preview":"max-image-preview:large","max-video-preview":"max-video-preview:-1"},"canonical":"https:\/\/base.com\/pt-BR\/blog\/base-news-destaques-da-semana-36-2\/","og_locale":"pt_BR","og_type":"article","og_title":"Base News | Destaques da Semana 36 - Base Blog","og_description":"Mercado Livre: Nova op\u00e7\u00e3o de Preenchimento de Dados Fiscais a Partir do Cat\u00e1logo Anteriormente, para alterar os dados fiscais dos an\u00fancios do Mercado Livre na Base, era necess\u00e1rio preencher cada campo manualmente. Mesmo quando as informa\u00e7\u00f5es j\u00e1 estavam cadastradas no cat\u00e1logo, o processo precisava ser repetido em cada opera\u00e7\u00e3o. O que mudou na Base Na [&hellip;]","og_url":"https:\/\/base.com\/pt-BR\/blog\/base-news-destaques-da-semana-36-2\/","og_site_name":"Base Blog","article_published_time":"2026-09-04T15:30:25+00:00","article_modified_time":"2026-09-04T15:30:27+00:00","og_image":[{"width":1200,"height":628,"url":"https:\/\/base.com\/pt-BR\/blog\/wp-content\/uploads\/2026\/09\/Novidade-de-Produto-Semana-36.png","type":"image\/png"}],"author":"Sophia F. Iglesias","twitter_card":"summary_large_image","twitter_misc":{"Escrito por":"Sophia F. Iglesias","Est. tempo de leitura":"12 minutos"},"schema":{"@context":"https:\/\/schema.org","@graph":[{"@type":"Article","@id":"https:\/\/base.com\/pt-BR\/blog\/base-news-destaques-da-semana-36-2\/#article","isPartOf":{"@id":"https:\/\/base.com\/pt-BR\/blog\/base-news-destaques-da-semana-36-2\/"},"author":{"name":"Sophia F. Iglesias","@id":"https:\/\/base.com\/pt-BR\/blog\/#\/schema\/person\/ca5cdf69f3b46f6f9fa40e278feeb9cd"},"headline":"Base News | Destaques da Semana 36","datePublished":"2026-09-04T15:30:25+00:00","dateModified":"2026-09-04T15:30:27+00:00","mainEntityOfPage":{"@id":"https:\/\/base.com\/pt-BR\/blog\/base-news-destaques-da-semana-36-2\/"},"wordCount":1786,"commentCount":0,"publisher":{"@id":"https:\/\/base.com\/pt-BR\/blog\/#organization"},"image":{"@id":"https:\/\/base.com\/pt-BR\/blog\/base-news-destaques-da-semana-36-2\/#primaryimage"},"thumbnailUrl":"https:\/\/base.com\/pt-BR\/blog\/wp-content\/uploads\/2026\/09\/Novidade-de-Produto-Semana-36.png","keywords":["Base","Hub de Integra\u00e7\u00e3o","Magalu","MelhorEnvio","Mercado Livre","Nuvemshop"],"articleSection":["Novidades de Produto"],"inLanguage":"pt-BR","potentialAction":[{"@type":"CommentAction","name":"Comment","target":["https:\/\/base.com\/pt-BR\/blog\/base-news-destaques-da-semana-36-2\/#respond"]}]},{"@type":"WebPage","@id":"https:\/\/base.com\/pt-BR\/blog\/base-news-destaques-da-semana-36-2\/","url":"https:\/\/base.com\/pt-BR\/blog\/base-news-destaques-da-semana-36-2\/","name":"Base News | Destaques da Semana 36 - Base Blog","isPartOf":{"@id":"https:\/\/base.com\/pt-BR\/blog\/#website"},"primaryImageOfPage":{"@id":"https:\/\/base.com\/pt-BR\/blog\/base-news-destaques-da-semana-36-2\/#primaryimage"},"image":{"@id":"https:\/\/base.com\/pt-BR\/blog\/base-news-destaques-da-semana-36-2\/#primaryimage"},"thumbnailUrl":"https:\/\/base.com\/pt-BR\/blog\/wp-content\/uploads\/2026\/09\/Novidade-de-Produto-Semana-36.png","datePublished":"2026-09-04T15:30:25+00:00","dateModified":"2026-09-04T15:30:27+00:00","breadcrumb":{"@id":"https:\/\/base.com\/pt-BR\/blog\/base-news-destaques-da-semana-36-2\/#breadcrumb"},"inLanguage":"pt-BR","potentialAction":[{"@type":"ReadAction","target":["https:\/\/base.com\/pt-BR\/blog\/base-news-destaques-da-semana-36-2\/"]}]},{"@type":"ImageObject","inLanguage":"pt-BR","@id":"https:\/\/base.com\/pt-BR\/blog\/base-news-destaques-da-semana-36-2\/#primaryimage","url":"https:\/\/base.com\/pt-BR\/blog\/wp-content\/uploads\/2026\/09\/Novidade-de-Produto-Semana-36.png","contentUrl":"https:\/\/base.com\/pt-BR\/blog\/wp-content\/uploads\/2026\/09\/Novidade-de-Produto-Semana-36.png","width":1200,"height":628},{"@type":"BreadcrumbList","@id":"https:\/\/base.com\/pt-BR\/blog\/base-news-destaques-da-semana-36-2\/#breadcrumb","itemListElement":[{"@type":"ListItem","position":1,"name":"base.blog","item":"https:\/\/base.com\/pt-BR\/blog\/"},{"@type":"ListItem","position":2,"name":"Novidades de Produto","item":"https:\/\/base.com\/pt-BR\/blog\/novidades-de-produto\/"},{"@type":"ListItem","position":3,"name":"Base News | Destaques da Semana 36"}]},{"@type":"WebSite","@id":"https:\/\/base.com\/pt-BR\/blog\/#website","url":"https:\/\/base.com\/pt-BR\/blog\/","name":"Base Blog","description":"Novidades e Atualiza\u00e7\u00f5es da Base e suas integra\u00e7\u00f5es","publisher":{"@id":"https:\/\/base.com\/pt-BR\/blog\/#organization"},"potentialAction":[{"@type":"SearchAction","target":{"@type":"EntryPoint","urlTemplate":"https:\/\/base.com\/pt-BR\/blog\/?s={search_term_string}"},"query-input":{"@type":"PropertyValueSpecification","valueRequired":true,"valueName":"search_term_string"}}],"inLanguage":"pt-BR"},{"@type":"Organization","@id":"https:\/\/base.com\/pt-BR\/blog\/#organization","name":"Base.com Blog BR","alternateName":"Base.com","url":"https:\/\/base.com\/pt-BR\/blog\/","logo":{"@type":"ImageObject","inLanguage":"pt-BR","@id":"https:\/\/base.com\/pt-BR\/blog\/#\/schema\/logo\/image\/","url":"https:\/\/base.com\/pt-BR\/blog\/wp-content\/uploads\/2025\/10\/android-icon-512x512-1-300x300-1.png","contentUrl":"https:\/\/base.com\/pt-BR\/blog\/wp-content\/uploads\/2025\/10\/android-icon-512x512-1-300x300-1.png","width":300,"height":300,"caption":"Base.com Blog BR"},"image":{"@id":"https:\/\/base.com\/pt-BR\/blog\/#\/schema\/logo\/image\/"}},{"@type":"Person","@id":"https:\/\/base.com\/pt-BR\/blog\/#\/schema\/person\/ca5cdf69f3b46f6f9fa40e278feeb9cd","name":"Sophia F. Iglesias","image":{"@type":"ImageObject","inLanguage":"pt-BR","@id":"https:\/\/base.com\/pt-BR\/blog\/wp-content\/uploads\/2026\/08\/T6JD7D354-U08CYMQS2S2-f4f8ec9b56ee-512-96x96.png","url":"https:\/\/base.com\/pt-BR\/blog\/wp-content\/uploads\/2026\/08\/T6JD7D354-U08CYMQS2S2-f4f8ec9b56ee-512-96x96.png","contentUrl":"https:\/\/base.com\/pt-BR\/blog\/wp-content\/uploads\/2026\/08\/T6JD7D354-U08CYMQS2S2-f4f8ec9b56ee-512-96x96.png","caption":"Sophia F. Iglesias"},"description":"Sophia \u00e9 Analista de Testes \u2013 QA na Base, com uma trajet\u00f3ria constru\u00edda entre relacionamento com clientes, tecnologia e qualidade de software. Antes de assumir sua posi\u00e7\u00e3o atual, atuou como Gerente de Contas Enterprise, acompanhando de perto grandes opera\u00e7\u00f5es, entendendo desafios dos clientes e contribuindo para a evolu\u00e7\u00e3o de suas experi\u00eancias com a plataforma. Essa experi\u00eancia trouxe uma vis\u00e3o estrat\u00e9gica e muito pr\u00f3xima das necessidades reais dos usu\u00e1rios, que hoje se conecta diretamente ao seu trabalho em QA. Atualmente, atua na valida\u00e7\u00e3o de funcionalidades, identifica\u00e7\u00e3o de cen\u00e1rios e inconsist\u00eancias e na busca cont\u00ednua por uma experi\u00eancia cada vez mais est\u00e1vel e eficiente para os usu\u00e1rios da Base. Apaixonada por tecnologia e por entender como as coisas funcionam, Sophia acredita que qualidade vai al\u00e9m de encontrar erros: \u00e9 compreender o impacto de cada detalhe e contribuir para construir produtos que realmente fa\u00e7am sentido para quem os utiliza.","url":"https:\/\/base.com\/pt-BR\/blog\/author\/sophia-iglesias\/"}]}},"views":13,"_links":{"self":[{"href":"https:\/\/base.com\/pt-BR\/blog\/wp-json\/wp\/v2\/posts\/19794","targetHints":{"allow":["GET"]}}],"collection":[{"href":"https:\/\/base.com\/pt-BR\/blog\/wp-json\/wp\/v2\/posts"}],"about":[{"href":"https:\/\/base.com\/pt-BR\/blog\/wp-json\/wp\/v2\/types\/post"}],"author":[{"embeddable":true,"href":"https:\/\/base.com\/pt-BR\/blog\/wp-json\/wp\/v2\/users\/109"}],"replies":[{"embeddable":true,"href":"https:\/\/base.com\/pt-BR\/blog\/wp-json\/wp\/v2\/comments?post=19794"}],"version-history":[{"count":7,"href":"https:\/\/base.com\/pt-BR\/blog\/wp-json\/wp\/v2\/posts\/19794\/revisions"}],"predecessor-version":[{"id":19819,"href":"https:\/\/base.com\/pt-BR\/blog\/wp-json\/wp\/v2\/posts\/19794\/revisions\/19819"}],"wp:featuredmedia":[{"embeddable":true,"href":"https:\/\/base.com\/pt-BR\/blog\/wp-json\/wp\/v2\/media\/19795"}],"wp:attachment":[{"href":"https:\/\/base.com\/pt-BR\/blog\/wp-json\/wp\/v2\/media?parent=19794"}],"wp:term":[{"taxonomy":"category","embeddable":true,"href":"https:\/\/base.com\/pt-BR\/blog\/wp-json\/wp\/v2\/categories?post=19794"},{"taxonomy":"post_tag","embeddable":true,"href":"https:\/\/base.com\/pt-BR\/blog\/wp-json\/wp\/v2\/tags?post=19794"},{"taxonomy":"authors","embeddable":true,"href":"https:\/\/base.com\/pt-BR\/blog\/wp-json\/wp\/v2\/authors?post=19794"}],"curies":[{"name":"wp","href":"https:\/\/api.w.org\/{rel}","templated":true}]}}